{"id":631,"date":"2011-05-12T21:31:18","date_gmt":"2011-05-12T19:31:18","guid":{"rendered":"http:\/\/www.erde-in-bildern.de\/reiseblog\/?p=631"},"modified":"2011-05-12T21:31:18","modified_gmt":"2011-05-12T19:31:18","slug":"toskana","status":"publish","type":"post","link":"https:\/\/www.erde-in-bildern.de\/reiseblog\/allgemein\/toskana\/","title":{"rendered":"Toskana"},"content":{"rendered":"<p>M\u00f6chte Leo nicht gefunden werden, macht er dies ganz einfach. Er steckt seinen Kopf (und nur diesen!) in seine H\u00f6hle. Und wenn <em>er<\/em> nichts mehr sieht, dann kann er auch von keinem anderen gesehen werden. Leo ist ein Kaninchen.<\/p>\n<p>Nach dem gleichen Prinzip funktioniert ein junges amerikanisches Paar. Sie sitzen im Bus, der vom Flughafen von Florenz ins Stadtzentrum f\u00e4hrt, und unterhalten sich lautstark dar\u00fcber, wie viele hundert Euros sie f\u00fcr ihre Dollar bekommen haben. Und da sie sich auf Englisch unterhalten, wird sie in Italien bestimmt keiner verstehen (da zum einen die Italiener bestimmt nur Italienisch sprechen und im Flughafenbus auch nicht mit Nicht-Italienern zu rechnen ist&#8230;).<\/p>\n<p>Nicht, dass der falsche Eindruck aufkommt, ich w\u00fcrde zwei jungen Amerikaner mit Leo vergleichen! <em>Das<\/em> h\u00e4tte Leo n\u00e4mlich nicht verdient.<\/p>\n<p>Geld umtauschen muss ich allerdings nicht. Denn die Busfahrt findet im Herbst 2010 statt, etwas mehr als 25 Jahre nach meinem ersten Besuch in Florenz. Und statt D-Mark und Lire haben wir alle den Euro.<\/p>\n<p>Vor dem Flughafenbus kommt allerdings erst noch der Flug. Und vor dem Flug das Finden des Abfluggates. M\u00fcnchen, Terminal 2. Laut Bordkarte soll ich zu Gate G65. Kein Problem sollte man meinen. G65 ist allerdings nicht irgendwo zwischen G40 und G80, sondern unterhalb von G33.<\/p>\n<p>Der Flug \u00fcber die Alpen ist traumhaft. Die <a href=\"http:\/\/www.juergen-reichmann.de\/welt\/luft\/alpen_luft\/alpen_luft_049709.html\">Dolomiten als Inseln in den Wolken<\/a>. Das ganze im sanften Abendlicht. Mein Fotografenherz schl\u00e4gt h\u00f6her. Als Mahlzeit gibt es bei Air Dolomiti einen Pudding. Da ich zum L\u00f6ffeln bei den extrem beengten Verh\u00e4ltnissen im Flugzeug keinen Platz finde, hebe ich mir den Pudding f\u00fcr sp\u00e4ter auf. Sp\u00e4ter esse ich den Pudding allerdings auch nicht mehr, vielmehr muss ich den Pudding m\u00fchsam aus meinem Rucksack waschen. Auf dem Weg ins Hotel ist der Becher geplatzt.<\/p>\n<div id=\"attachment_807\" style=\"width: 310px\" class=\"wp-caption aligncenter\"><img loading=\"lazy\" decoding=\"async\" aria-describedby=\"caption-attachment-807\" class=\"size-medium wp-image-807\" title=\"Picadilly Hotel Florenz\" src=\"http:\/\/www.erde-in-bildern.de\/reiseblog\/wp-content\/uploads\/2011\/05\/049973-300x183.jpg\" alt=\"Picadilly Hotel Florenz\" width=\"300\" height=\"183\" srcset=\"https:\/\/www.erde-in-bildern.de\/reiseblog\/wp-content\/uploads\/2011\/05\/049973-300x183.jpg 300w, https:\/\/www.erde-in-bildern.de\/reiseblog\/wp-content\/uploads\/2011\/05\/049973.jpg 1000w\" sizes=\"auto, (max-width: 300px) 100vw, 300px\" \/><p id=\"caption-attachment-807\" class=\"wp-caption-text\">Picadilly Hotel Florenz<\/p><\/div>\n<p>Das Hotel &#8211; Picadilly &#8211; in Florenz ist in Ordnung. Einfaches Zimmer. Zentral gelegen.<\/p>\n<p>Das Besichtigungsprogramm in <a href=\"http:\/\/www.juergen-reichmann.de\/europa\/i\/florenz_panoramen\/florenz_panoramen_049732.html\">Florenz<\/a> beginnt mit dem <a href=\"http:\/\/www.juergen-reichmann.de\/europa\/i\/florenz1_dom\/florenz1_dom_049789.html\">Dom<\/a>. Oder besser gesagt, mit seiner fantastischen Kuppel. Der fr\u00fche Morgen ist daf\u00fcr von gro\u00dfem Vorteil, da dann die <a href=\"http:\/\/www.juergen-reichmann.de\/europa\/i\/florenz1_dom\/florenz1_dom_049787.html\">Auf- und Abg\u00e4nge<\/a> (die teilweise den gleichen Weg nutzen) noch nicht so stark mit Menschen verstopft sind. Und es endet sp\u00e4t <a href=\"http:\/\/www.juergen-reichmann.de\/europa\/i\/florenz5_nacht\/florenz5_nacht_049972.html\">abends<\/a> wieder mit ihm.<\/p>\n<p>In Florenz gibt es <em>so<\/em> viel zu sehen. Und das Wetter ist &#8211; an diesem ersten Tag &#8211; bestens. Deshalb gibt es tags\u00fcber zwischendurch nur Kleinigkeiten aus dem Supermarkt. Nur, sind italienische Supermarkt-Kassiererinnen verpflichtet, w\u00e4hrend ihrer Arbeit ununterbrochen auf ihrem Handy zu telefonieren? Zugegebenerweise beherrschen sie diese Form des Multitaskings perfekt.<\/p>\n<p>Au\u00dfer Florenz schaue ich mir noch weitere St\u00e4dte der Toskana an: Siena, Pisa und Lucca.<\/p>\n<p>Ein guter Startpunkt in <a href=\"http:\/\/www.juergen-reichmann.de\/europa\/i\/toskana_siena1\/toskana_siena1_050040.html\">Siena<\/a> ist der <a href=\"http:\/\/www.juergen-reichmann.de\/europa\/i\/toskana_siena2\/toskana_siena2_049986.html\">Torre del Mangia<\/a>, man hat einen wundersch\u00f6nen Blick auf die Stadt und ihre Umgebung. Nicht ohne Grund gilt Siena als eine der sch\u00f6nsten St\u00e4dte der Toskana und Italiens. W\u00e4hrend Florenz stark von der Renaissance gepr\u00e4gt ist, hat Siena den mittelalterlichen Charakter der italienischen Gotik erhalten.<\/p>\n<p>In <a href=\"http:\/\/www.juergen-reichmann.de\/europa\/i\/pisa\/pisa_050062.html\">Pisa<\/a> bin ich etwas genervt. Der Dom und das Baptisterium sind wegen eines lokalen Festes bei meiner Ankunft schon geschlossen. Der Schiefe Turm ist zwar noch offen, allerdings f\u00fcr 15 Euro und nur mit einer gef\u00fchrten Gruppe &#8211; da belasse ich es  lieber in der <a href=\"http:\/\/www.juergen-reichmann.de\/europa\/i\/pisa\/pisa_004621.html\">Erinnerung an 1985<\/a> (zum damaligen Zeitpunkt war der Turm sogar noch \u00fcber 40 Zentimeter  schiefer!). Und zu guter Letzt ist der Weg zum naheliegenden Bahnhof kaum auffindbar. Schilder, die auf seine Lage hinweisen w\u00fcrden, sind nicht vorhanden. Und am Bahnhof selbst ist dann auch noch der Getr\u00e4nkeautomat kaputt&#8230;<\/p>\n<p>Am fr\u00fchen Abend bin ich noch in <a href=\"http:\/\/www.juergen-reichmann.de\/europa\/i\/toskana_lucca\/toskana_lucca_050112.html\">Lucca<\/a>. Die zahlreichen romanischen Kirchen, die mittelalterlichen T\u00fcrme und die rund um die Altstadt erhaltene Befestigungsanlage zeugen noch heute von der einstigen Gr\u00f6\u00dfe und Wichtigkeit dieser Stadt. Besonders sch\u00f6n soll der Turm mit den Steineichen sein, leider h\u00e4lt er sich nicht an die im Reisef\u00fchrer angegebenen \u00d6ffnungszeiten. Was allerdings mehr oder weniger f\u00fcr alle in meinen Reisef\u00fchrern angegebenen Zeiten gilt. Die Haltbarkeit solcher Angaben ist &#8211; wohl besonders in Italien &#8211; ziemlich beschr\u00e4nkt.<\/p>\n","protected":false},"excerpt":{"rendered":"<p>M\u00f6chte Leo nicht gefunden werden, macht er dies ganz einfach. Er steckt seinen Kopf (und nur diesen!) in seine H\u00f6hle. Und wenn er nichts mehr sieht, dann kann er auch von keinem anderen gesehen werden. Leo ist ein Kaninchen. Nach dem gleichen Prinzip funktioniert ein junges amerikanisches Paar. Sie sitzen im Bus, der vom Flughafen [&hellip;]<\/p>\n","protected":false},"author":2,"featured_media":0,"comment_status":"open","ping_status":"open","sticky":false,"template":"","format":"standard","meta":{"footnotes":""},"categories":[1,4],"tags":[78,37,88,377,361,375,376,374],"class_list":["post-631","post","type-post","status-publish","format-standard","hentry","category-allgemein","category-unterkunft","tag-florenz","tag-flughafen","tag-italien","tag-lucca","tag-munchen","tag-pisa","tag-siena","tag-toskana"],"_links":{"self":[{"href":"https:\/\/www.erde-in-bildern.de\/reiseblog\/wp-json\/wp\/v2\/posts\/631","targetHints":{"allow":["GET"]}}],"collection":[{"href":"https:\/\/www.erde-in-bildern.de\/reiseblog\/wp-json\/wp\/v2\/posts"}],"about":[{"href":"https:\/\/www.erde-in-bildern.de\/reiseblog\/wp-json\/wp\/v2\/types\/post"}],"author":[{"embeddable":true,"href":"https:\/\/www.erde-in-bildern.de\/reiseblog\/wp-json\/wp\/v2\/users\/2"}],"replies":[{"embeddable":true,"href":"https:\/\/www.erde-in-bildern.de\/reiseblog\/wp-json\/wp\/v2\/comments?post=631"}],"version-history":[{"count":11,"href":"https:\/\/www.erde-in-bildern.de\/reiseblog\/wp-json\/wp\/v2\/posts\/631\/revisions"}],"predecessor-version":[{"id":812,"href":"https:\/\/www.erde-in-bildern.de\/reiseblog\/wp-json\/wp\/v2\/posts\/631\/revisions\/812"}],"wp:attachment":[{"href":"https:\/\/www.erde-in-bildern.de\/reiseblog\/wp-json\/wp\/v2\/media?parent=631"}],"wp:term":[{"taxonomy":"category","embeddable":true,"href":"https:\/\/www.erde-in-bildern.de\/reiseblog\/wp-json\/wp\/v2\/categories?post=631"},{"taxonomy":"post_tag","embeddable":true,"href":"https:\/\/www.erde-in-bildern.de\/reiseblog\/wp-json\/wp\/v2\/tags?post=631"}],"curies":[{"name":"wp","href":"https:\/\/api.w.org\/{rel}","templated":true}]}}