{"id":477,"date":"2010-08-24T23:18:43","date_gmt":"2010-08-24T21:18:43","guid":{"rendered":"http:\/\/www.erde-in-bildern.de\/reiseblog\/?p=477"},"modified":"2010-08-25T16:04:43","modified_gmt":"2010-08-25T14:04:43","slug":"exotik-vor-der-haustur-eine-balkan-reise","status":"publish","type":"post","link":"https:\/\/www.erde-in-bildern.de\/reiseblog\/allgemein\/exotik-vor-der-haustur-eine-balkan-reise\/","title":{"rendered":"Exotik vor der Haust\u00fcr &#8211; eine Balkan-Reise"},"content":{"rendered":"<p>Ich schw\u00f6re, es war keine Absicht. Aber der 50-Euro-Schein befand sich im Pass. Und der Pass befand sich zu diesem Zeitpunkt in den H\u00e4nden eines mazedonischen Zollbeamtens. Und das an einer Grenzstation, die mit Aufklebern vollgeklebt war, die vor Bestechung warnten. Der Zollbeamte gab mir den Pass zur\u00fcck, mit der bitte, doch nochmals hineinzuschauen. Es hat gedauert, bis ich geblickt habe, warum&#8230;<\/p>\n<p>Dabei war schon der Weg zur mazedonischen Grenze nicht wirklich einfach. Die Griechen ignorieren n\u00e4mlich ihren neuen n\u00f6rdlichen Nachbar. Griechenland bef\u00fcrchtet Gebietsanspr\u00fcche Mazedoniens auf seine Region Makedonien. Und so findet man h\u00f6chstens mal ein Verkehrsschild mit einem Hinweis auf FYROM (<em>Former Yugoslavian Republic of Macedonia<\/em>). Europa im Fr\u00fchjahr 2008.<\/p>\n<p>Diese Reise begann nat\u00fcrlich nicht mit der Suche nach der griechisch-mazedonischen Grenze, sie begann mit einer Fahrt durch die <a href=\"http:\/\/www.juergen-reichmann.de\/europa\/ch\/vierwaldstaettersee\/vierwaldstaettersee_037562.html\" target=\"_self\">Schweizer Alpen<\/a> und Norditalien. Der erste Reisetag endete in der kleinen Republik San Marino auf einem Campingplatz. Sch\u00f6n gelegen und mit einer hervorragenden Pizzeria ausgestattet.<\/p>\n<div id=\"attachment_509\" style=\"width: 310px\" class=\"wp-caption aligncenter\"><img loading=\"lazy\" decoding=\"async\" aria-describedby=\"caption-attachment-509\" class=\"size-medium wp-image-509\" title=\"Campingplatz San Marino\" src=\"http:\/\/www.erde-in-bildern.de\/reiseblog\/wp-content\/uploads\/2010\/08\/scan68722-300x187.jpg\" alt=\"Campingplatz San Marino\" width=\"300\" height=\"187\" srcset=\"https:\/\/www.erde-in-bildern.de\/reiseblog\/wp-content\/uploads\/2010\/08\/scan68722-300x187.jpg 300w, https:\/\/www.erde-in-bildern.de\/reiseblog\/wp-content\/uploads\/2010\/08\/scan68722.jpg 1000w\" sizes=\"auto, (max-width: 300px) 100vw, 300px\" \/><p id=\"caption-attachment-509\" class=\"wp-caption-text\">Campingplatz San Marino<\/p><\/div>\n<p>Bevor die Fahrt am n\u00e4chsten Tag weiterging, stand noch ein Gang durch die Altstadt sowie entlang der alten Festungsmauer in <a href=\"http:\/\/www.juergen-reichmann.de\/europa\/rsm\/sanmarino\/sanmarino_037607.html\" target=\"_self\">San Marino<\/a> auf dem Programm. Das Wetter lies zwar etwas zu w\u00fcnschen \u00fcbrig (es war tr\u00fcbe und zeitweise regnete es), lohnenswert war die Besichtigung aber trotzdem, nicht ohne Grund geh\u00f6rt die Stadt San Marino und der Monte Titano, auf der sie liegt, zum Weltkulturerbe.<\/p>\n<p>Auf der Fahrt zur italienischen Hafenstadt Ancona regnete es weiter vor sich hin. Ich hatte die F\u00e4hre nach Griechenland schon vorab gebucht, so dass es beim &#8222;Einschiffen&#8220; keine Probleme gab. \u00dcberraschend war allerdings, dass wir &#8211; so schien es zumindest &#8211; fast die einzigen Urlauber auf der F\u00e4hre waren. Die F\u00e4hre war voll mit gebrauchten Fahrzeugen aus Deutschland. Und als Marke gab es fast nur Mercedes. Wir sollten die Autos alle in Albanien wiedersehen. Bei einbrechender Dunkelheit legt die F\u00e4hre ab und quert bei ruhiger See die Adria. Morgens sind wir in Igoumenitsa, ganz im Nordwesten Griechenlands gelegen.<\/p>\n<div id=\"attachment_510\" style=\"width: 310px\" class=\"wp-caption aligncenter\"><img loading=\"lazy\" decoding=\"async\" aria-describedby=\"caption-attachment-510\" class=\"size-medium wp-image-510\" title=\"F\u00e4hre Ancona - Igoumenitsa\" src=\"http:\/\/www.erde-in-bildern.de\/reiseblog\/wp-content\/uploads\/2010\/08\/037632-300x137.jpg\" alt=\"F\u00e4hre Ancona - Igoumenitsa\" width=\"300\" height=\"137\" srcset=\"https:\/\/www.erde-in-bildern.de\/reiseblog\/wp-content\/uploads\/2010\/08\/037632-300x137.jpg 300w, https:\/\/www.erde-in-bildern.de\/reiseblog\/wp-content\/uploads\/2010\/08\/037632.jpg 1000w\" sizes=\"auto, (max-width: 300px) 100vw, 300px\" \/><p id=\"caption-attachment-510\" class=\"wp-caption-text\">F\u00e4hre Ancona - Igoumenitsa<\/p><\/div>\n<p>Kaum haben wir Igoumenitsa verlassen, regnet es auch hier, in den Bergen teilweise sogar mit Schnee vermischt. Die Egnatia Odos, die neue Autobahn die Nordgriechenland komplett durchquert, wird erst ein Jahr sp\u00e4ter fertig sein. So geht es bergauf, bergab in Richtung Osten. Nach Kalambaka, zu F\u00fc\u00dfen der <a href=\"http:\/\/www.juergen-reichmann.de\/europa\/gr\/meteora\/meteora_037645.html\" target=\"_self\">Met\u00e9ora-Kl\u00f6ster<\/a>. Fast 20 Jahre ist es her, dass ich w\u00e4hrend einer Interrail-Reise das letzte Mal hier war. Bei Sonnenschein stehen am n\u00e4chsten Tag mehrere der auf Felsspitzen gebauten Kl\u00f6ster auf dem Besuchsprogramm.<\/p>\n<p>Abgesehen vom eingangs beschriebenen &#8222;Zwischenfall&#8220; ist die Einreise nach <a href=\"http:\/\/www.juergen-reichmann.de\/europa\/mk\/index.html\" target=\"_self\">Mazedonien<\/a> problemlos. Nach einem Stopp in Bitola und der Besichtigung der dort liegenden r\u00f6mischen Ruinen von <a href=\"http:\/\/www.juergen-reichmann.de\/europa\/mk\/bitola\/bitola_037732.html\" target=\"_self\">Herakleia Lynkestis<\/a> geht es weiter an den sch\u00f6n gelegenen Ohridsee. In Ohrid, dem mazedonischen Hauptort am See, werden wir von einem Radfahrer &#8222;verfolgt&#8220;. Es stellt sich heraus, dass er uns eine Unterkunft anbieten will. Sie ist einfach, sauber und zentrumsnah gelegen. Wir nehmen sie.<\/p>\n<div id=\"attachment_511\" style=\"width: 310px\" class=\"wp-caption aligncenter\"><img loading=\"lazy\" decoding=\"async\" aria-describedby=\"caption-attachment-511\" class=\"size-medium wp-image-511\" title=\"Unterkunft Ohrid\" src=\"http:\/\/www.erde-in-bildern.de\/reiseblog\/wp-content\/uploads\/2010\/08\/scan69413-300x154.jpg\" alt=\"Unterkunft Ohrid\" width=\"300\" height=\"154\" srcset=\"https:\/\/www.erde-in-bildern.de\/reiseblog\/wp-content\/uploads\/2010\/08\/scan69413-300x154.jpg 300w, https:\/\/www.erde-in-bildern.de\/reiseblog\/wp-content\/uploads\/2010\/08\/scan69413.jpg 1000w\" sizes=\"auto, (max-width: 300px) 100vw, 300px\" \/><p id=\"caption-attachment-511\" class=\"wp-caption-text\">Unterkunft Ohrid<\/p><\/div>\n<p><a href=\"http:\/\/www.juergen-reichmann.de\/europa\/mk\/ohrid\/ohrid_037759.html\" target=\"_self\">Ohrid<\/a> besitzt eine sch\u00f6ne Altstadt, \u00fcber der die mittelalterliche Festung des Zaren Samuil thront. Die Stadt ist voll von Kirchen, aber auch mehrere Moscheen gibt es. Nach zwei N\u00e4chten in Ohrid geht die Fahrt entlang des <a href=\"http:\/\/www.juergen-reichmann.de\/europa\/mk\/ohridsee\/ohridsee_037823.html\" target=\"_self\">Ostufers des Ohridsees<\/a> weiter. Kurz vor der albanischen Grenze besuchen wir noch das sehenswerte Kloster <a href=\"http:\/\/www.juergen-reichmann.de\/europa\/mk\/ohridsee\/ohridsee_037835.html\" target=\"_self\">Sveti Naum<\/a>.<\/p>\n<p>Nun ist es soweit. Albanien steht vor der T\u00fcr, oder besser gesagt, wir stehen an der mazedonisch-albanischen Grenze. Bei Albanien beschleicht mich ein bisschen das Gef\u00fchl, das ich hatte, als ich nach Vietnam oder Ruanda unterwegs war. Eine gewisse Flauheit. Was wird uns erwarten? Der Grenz\u00fcbertritt stellt sich als einfach heraus, ja w\u00e4re da nicht auch ein Koreaner (oder war es ein Japaner, ich wei\u00df es nicht mehr so genau), der zeitgleich einreisen wollte. Obwohl reichlich Grenzbeamten vorhanden w\u00e4ren, behandelt nur einer uns gleichzeitig (und mit den Formalit\u00e4ten f\u00fcr einen Asiaten scheint er \u00fcberfordert). Alles zieht sich etwas hin.<\/p>\n<p><a href=\"http:\/\/www.juergen-reichmann.de\/europa\/al\/index.html\" target=\"_self\">Albanien<\/a> war bis Ende der 80er Jahre v\u00f6llig von der Au\u00dfenwelt abgeschottet. Die <a href=\"http:\/\/www.juergen-reichmann.de\/europa\/al\/albanien_sueden\/albanien_sueden_037998.html\" target=\"_self\">Betonbunker<\/a> aus der Zeit der Isolierung &#8211; es gibt davon mehrere Hunderttausend im Land &#8211; findet man \u00fcberall. Besonders viele in Grenzgebieten und K\u00fcstenn\u00e4he.<\/p>\n<p>Im Umfeld gr\u00f6\u00dferer St\u00e4dte sind die Stra\u00dfen oft schon erneuert, in  abgelegenen Gebieten aber auch noch von vielen Schlagl\u00f6chern \u00fcbers\u00e4t.  Und wo die Stra\u00dfe gerade erneuert wird, f\u00e4hrt man einfach mitten durch  die Baustelle.<\/p>\n<div id=\"attachment_501\" style=\"width: 310px\" class=\"wp-caption aligncenter\"><img loading=\"lazy\" decoding=\"async\" aria-describedby=\"caption-attachment-501\" class=\"size-medium wp-image-501\" title=\"Albanische Stra\u00dfenbaustelle\" src=\"http:\/\/www.erde-in-bildern.de\/reiseblog\/wp-content\/uploads\/2010\/08\/baustelle-300x177.jpg\" alt=\"Albanische Stra\u00dfenbaustelle\" width=\"300\" height=\"177\" srcset=\"https:\/\/www.erde-in-bildern.de\/reiseblog\/wp-content\/uploads\/2010\/08\/baustelle-300x177.jpg 300w, https:\/\/www.erde-in-bildern.de\/reiseblog\/wp-content\/uploads\/2010\/08\/baustelle.jpg 700w\" sizes=\"auto, (max-width: 300px) 100vw, 300px\" \/><p id=\"caption-attachment-501\" class=\"wp-caption-text\">Albanische Stra\u00dfenbaustelle<\/p><\/div>\n<p>Die Verteilung der Automarken auf Albaniens Stra\u00dfen ist einfach: Gut 90 Prozent sind Mercedes (in der Mehrzahl die schon angesprochenen Gebrauchtfahrzeuge). Vom Rest sind ein Gro\u00dfteil Audi 80 (da wir selbst mit einem zum Reisezeitpunkt fast 20 Jahre alten Audi 80 unterwegs sind, fallen wir nicht weiter auf).<\/p>\n<p>Die Kommunikation ist oft nicht einfach. Meine Albanisch-Kenntnisse sind nahe Null, bleibt also nur die Hoffnung, dass sich immer jemand findet, der ein wenig Deutsch oder Englisch spricht. Da bleibt es nicht aus, dass ein bestelltes Essen auch mal nur aus einer Portion Reis und etwas Salat besteht. Umgekehrt hat man auch keine Probleme an Polizeikontrollen. Ein paar Worte auf Deutsch und schon wird man durch gewunken.<\/p>\n<p><a href=\"http:\/\/www.juergen-reichmann.de\/europa\/al\/albanien_sueden\/albanien_sueden_037984.html\" target=\"_self\">Kor\u00e7a<\/a> ist das Ziel des ersten Tages in Albanien, eine Stadt im S\u00fcdosten des Landes ohne allzu viele Sehensw\u00fcrdigkeiten. <a href=\"http:\/\/www.juergen-reichmann.de\/europa\/al\/albanien_sueden\/albanien_sueden_037997.html\" target=\"_self\">Entlang des Grammos-Gebirges<\/a> geht die Fahrt am n\u00e4chsten Tag nach <a href=\"http:\/\/www.juergen-reichmann.de\/europa\/al\/albanien_sueden\/albanien_sueden_038059.html\" target=\"_self\">P\u00ebrmet<\/a>. Auffallend sind die zahllosen, sehr neu aussehenden, immer gleichen Verkehrsschilder, bestehend aus einer Kombination der Ank\u00fcndigung einer Doppelkurve in 1000 Metern und einer H\u00f6chstgeschwindigkeit von 30 km\/h.<\/p>\n<div id=\"attachment_499\" style=\"width: 310px\" class=\"wp-caption aligncenter\"><img loading=\"lazy\" decoding=\"async\" aria-describedby=\"caption-attachment-499\" class=\"size-medium wp-image-499\" title=\"Verkehrsschilder in Albanien\" src=\"http:\/\/www.erde-in-bildern.de\/reiseblog\/wp-content\/uploads\/2010\/08\/30kmh-300x168.jpg\" alt=\"Verkehrsschilder in Albanien\" width=\"300\" height=\"168\" srcset=\"https:\/\/www.erde-in-bildern.de\/reiseblog\/wp-content\/uploads\/2010\/08\/30kmh-300x168.jpg 300w, https:\/\/www.erde-in-bildern.de\/reiseblog\/wp-content\/uploads\/2010\/08\/30kmh.jpg 700w\" sizes=\"auto, (max-width: 300px) 100vw, 300px\" \/><p id=\"caption-attachment-499\" class=\"wp-caption-text\">Verkehrsschilder in Albanien<\/p><\/div>\n<p>Mit <a href=\"http:\/\/www.juergen-reichmann.de\/europa\/al\/gjirokastra\/gjirokastra_038071.html\" target=\"_self\">Gjirokastra<\/a> &#8211; der Stadt der Steine &#8211; und <a href=\"http:\/\/www.juergen-reichmann.de\/europa\/al\/butrint\/butrint_038159.html\" target=\"_self\">Butrint<\/a> &#8211; eine auf einer Halbinsel zwischen dem See von Butrint, dem Vivar-Kanal und dem Ionischen Meer gelegenen Ruinenst\u00e4tte &#8211; folgen in den n\u00e4chsten Tage sehr sehenswerte Orte im S\u00fcden des Landes. Von Butrint aus geht es durch die <a href=\"http:\/\/www.juergen-reichmann.de\/europa\/al\/albanien_kueste\/albanien_kueste_038197.html\" target=\"_self\">Albanische Riviera<\/a> &#8211; immer entlang der K\u00fcste, erst des Ionischen Meeres, sp\u00e4ter der Adria &#8211; in Richtung Norden. In Dh\u00ebrmi beginnt &#8211; stra\u00dfentechnisch gesehen &#8211; das Paradies. Nach fast einem Tag Baustellen und Geholper war mir das einen Stopp wert.<\/p>\n<div id=\"attachment_503\" style=\"width: 310px\" class=\"wp-caption aligncenter\"><img loading=\"lazy\" decoding=\"async\" aria-describedby=\"caption-attachment-503\" class=\"size-medium wp-image-503\" title=\"Stra\u00dfe Alt \/ Neu\" src=\"http:\/\/www.erde-in-bildern.de\/reiseblog\/wp-content\/uploads\/2010\/08\/strasse-300x189.jpg\" alt=\"Stra\u00dfe Alt \/ Neu\" width=\"300\" height=\"189\" srcset=\"https:\/\/www.erde-in-bildern.de\/reiseblog\/wp-content\/uploads\/2010\/08\/strasse-300x189.jpg 300w, https:\/\/www.erde-in-bildern.de\/reiseblog\/wp-content\/uploads\/2010\/08\/strasse.jpg 700w\" sizes=\"auto, (max-width: 300px) 100vw, 300px\" \/><p id=\"caption-attachment-503\" class=\"wp-caption-text\">Stra\u00dfe Alt \/ Neu<\/p><\/div>\n<p>\u00dcbernachten in <a href=\"http:\/\/www.juergen-reichmann.de\/europa\/al\/albanien_kueste\/albanien_kueste_038212.html\" target=\"_self\">Orikum<\/a> an der Bucht von Vlora. Am Morgen Weiterfahrt \u00fcber <a href=\"http:\/\/www.juergen-reichmann.de\/europa\/al\/albanien_kueste\/albanien_kueste_038218.html\" target=\"_self\">Vlora<\/a> und <a href=\"http:\/\/www.juergen-reichmann.de\/europa\/al\/albanien_kueste\/albanien_kueste_038229.html\" target=\"_self\">Apollonia<\/a> nach <a href=\"http:\/\/www.juergen-reichmann.de\/europa\/al\/berat\/berat_038262.html\" target=\"_self\">Berat<\/a>, der <a href=\"http:\/\/www.juergen-reichmann.de\/europa\/al\/berat\/berat_038323.html\" target=\"_self\">Stadt der tausend Fenster<\/a>. Berat ist neben Gjirokastra die\u00a0 Sehensw\u00fcrdigkeit Albaniens schlechthin! Aber auch <a href=\"http:\/\/www.juergen-reichmann.de\/europa\/al\/tirana\/tirana_037852.html\" target=\"_self\">Tirana<\/a>, die Hauptstadt Albaniens und unser n\u00e4chstes Ziel, bietet &#8211; f\u00fcr mich durchaus \u00fcberraschend &#8211; eine Menge zu sehen.<\/p>\n<p>Nach einer knappen Woche geht mein erster Besuch in Albanien mit der Ausreise nach Montenegro zu Ende. Mir hat das Land &#8211; alles in allem &#8211; sehr gut gefallen! Die Landschaften, die St\u00e4dte und insbesondere auch die Albaner selbst. Auch wenn die Verst\u00e4ndigungsschwierigkeiten oft gro\u00df waren, waren sie immer freundlich und hilfsbereit.<\/p>\n<p><a href=\"http:\/\/www.juergen-reichmann.de\/europa\/mne\/index.html\" target=\"_self\">Montenegro<\/a> &#8211; ein verh\u00e4ltnism\u00e4\u00dfig kleiner Staat, der aus dem ehemaligen Jugoslawien entstanden ist &#8211; hat &#8211; wie der Namen schon vermuten l\u00e4sst &#8211; viele Berge! Und eine sch\u00f6ne K\u00fcste! Nach einer Nacht in <a href=\"http:\/\/www.juergen-reichmann.de\/europa\/mne\/budva_und_umgebung\/budva_und_umgebung_038342.html\" target=\"_self\">Virpazar am Skutarisee<\/a> fahren wir entlang der Adriak\u00fcste weiter nordw\u00e4rts, ein kurzer Stopp bei <a href=\"http:\/\/www.juergen-reichmann.de\/europa\/mne\/budva_und_umgebung\/budva_und_umgebung_038383.html\" target=\"_self\">Sveti Stefan<\/a>, l\u00e4ngere Stopps in <a href=\"http:\/\/www.juergen-reichmann.de\/europa\/mne\/budva_und_umgebung\/budva_und_umgebung_038388.html\" target=\"_self\">Budva<\/a> und <a href=\"http:\/\/www.juergen-reichmann.de\/europa\/mne\/bucht_von_kotor\/bucht_von_kotor_038414.html\" target=\"_self\">Kotor<\/a>, \u00dcbernachten in Herceg Novi.<\/p>\n<p>Herceg Novi liegt schon fast an der kroatischen Grenze. Und kurz hinter dieser Grenze liegt <a href=\"http:\/\/www.juergen-reichmann.de\/europa\/hr\/dubrovnik1\/dubrovnik1_038792.html\" target=\"_self\">Dubrovnik<\/a>! Der Name <em>Perle der Adria<\/em> hat voll und ganz seine Berechtigung. Die Altstadt und die Stadtmauer &#8211; beide wurden w\u00e4hrend des Kroatien-Krieges in der Schlacht um Dubrovnik 1991\/92 erheblich besch\u00e4digt &#8211; sind zwischenzeitlich fast komplett wieder restauriert. Ein Rundgang \u00fcber die fast zwei Kilometer lange Stadtmauer belohnt mit vielen Blicken auf die Stadt und das Meer.<\/p>\n<p>W\u00e4hrend wir &#8211; abgesehen von der ersten Nacht in San Marino &#8211; bisher immer feste Unterk\u00fcnfte auf dieser Reise hatten, ist in Kroatien wieder das Zelt unser \u00dcbernachtungsort. Nicht jeder Campingplatz hat im April schon offen, aber mit ein wenig suchen, finden wir immer einen. Auch wenn, wie in Opuzen geschehen, wir die einzigen G\u00e4ste sind (daf\u00fcr aber auch vom Campingplatzbesitzer auf ein Bier eingeladen werden!).<\/p>\n<div id=\"attachment_508\" style=\"width: 310px\" class=\"wp-caption aligncenter\"><img loading=\"lazy\" decoding=\"async\" aria-describedby=\"caption-attachment-508\" class=\"size-medium wp-image-508\" title=\"Campingplatz Opuzen\" src=\"http:\/\/www.erde-in-bildern.de\/reiseblog\/wp-content\/uploads\/2010\/08\/scan72435-300x184.jpg\" alt=\"Campingplatz Opuzen\" width=\"300\" height=\"184\" srcset=\"https:\/\/www.erde-in-bildern.de\/reiseblog\/wp-content\/uploads\/2010\/08\/scan72435-300x184.jpg 300w, https:\/\/www.erde-in-bildern.de\/reiseblog\/wp-content\/uploads\/2010\/08\/scan72435.jpg 1000w\" sizes=\"auto, (max-width: 300px) 100vw, 300px\" \/><p id=\"caption-attachment-508\" class=\"wp-caption-text\">Campingplatz Opuzen<\/p><\/div>\n<p>Von Kroatien machen wir einen Abstecher nach <a href=\"http:\/\/www.juergen-reichmann.de\/europa\/bih\/index.html\" target=\"_self\">Bosnien-Herzegowina<\/a>, ich m\u00f6chte die wieder aufgebaute <a href=\"http:\/\/www.juergen-reichmann.de\/europa\/bih\/mostar\/mostar_038472.html\" target=\"_self\">Alte Br\u00fccke (Stari most) \u00fcber der Neretva in Mostar<\/a> sehen. Mitte des 16. Jahrhunderts erbaut wurde sie 1993 im jugoslawischen B\u00fcrgerkrieg zerst\u00f6rt. Schon 1995 wurde mit ihrem Wiederaufbau begonnen. Heute erstrahlt sie wieder in ihrer alten Sch\u00f6nheit. Ganz im Gegenteil zu vielen anderen Teilen der Stadt, der man noch immer ihre zahllosen Zerst\u00f6rungen und Kriegswunden ansieht. Immer wieder stockt einem der Atem, wenn man sieht, was am Ende des 20. Jahrhunderts noch mitten in Europa passieren konnte.<\/p>\n<p><a href=\"http:\/\/www.juergen-reichmann.de\/europa\/bih\/herzegowina\/herzegowina_038535.html\" target=\"_self\">Medjugorje<\/a>, ein kleiner Ort im Westen Herzegowinas, ist ein Zwischenhalt auf der Fahrt zur\u00fcck nach Kroatien. Bekannt wurde der Ort durch vermeintliche Marienerscheinungen in den 80er Jahren, die aber von der (offiziellen) katholischen Kirche bis heute nicht anerkannt wurden. Trotzdem besuchen eine Vielzahl von Pilgern diesen Ort.<\/p>\n<p>Zur\u00fcck an der <a href=\"http:\/\/www.juergen-reichmann.de\/europa\/hr\/dalmatien\/dalmatien_038716.html\" target=\"_self\">Dalmatinischen K\u00fcste<\/a> in Kroatien warten mit den St\u00e4dten <a href=\"http:\/\/www.juergen-reichmann.de\/europa\/hr\/sibenik\/sibenik_038694.html\" target=\"_self\">Sibenik<\/a> und <a href=\"http:\/\/www.juergen-reichmann.de\/europa\/hr\/zadar\/zadar_038624.html\" target=\"_self\">Zadar<\/a> sowie dem <a href=\"http:\/\/www.juergen-reichmann.de\/europa\/hr\/nationalpark_krka\/nationalpark_krka_038668.html\" target=\"_self\">Nationalpark Krka<\/a> weitere H\u00f6hepunkte dieser Reise, nur noch getoppt vom <a href=\"http:\/\/www.juergen-reichmann.de\/europa\/hr\/plitvicer_seen\/plitvicer_seen_038552.html\" target=\"_self\">Nationalpark Plitvicer Seen<\/a>. Mit dem Besuch der Plitvicer Seen geht die Reise ihrem Ende entgegen. Auf der Insel Krk, dem n\u00e4chsten Ziel, regnet es.<\/p>\n<div id=\"attachment_512\" style=\"width: 310px\" class=\"wp-caption aligncenter\"><img loading=\"lazy\" decoding=\"async\" aria-describedby=\"caption-attachment-512\" class=\"size-medium wp-image-512\" title=\"Campingplatz Bor auf Krk\" src=\"http:\/\/www.erde-in-bildern.de\/reiseblog\/wp-content\/uploads\/2010\/08\/scan73524-300x183.jpg\" alt=\"Campingplatz Bor auf Krk\" width=\"300\" height=\"183\" srcset=\"https:\/\/www.erde-in-bildern.de\/reiseblog\/wp-content\/uploads\/2010\/08\/scan73524-300x183.jpg 300w, https:\/\/www.erde-in-bildern.de\/reiseblog\/wp-content\/uploads\/2010\/08\/scan73524.jpg 1000w\" sizes=\"auto, (max-width: 300px) 100vw, 300px\" \/><p id=\"caption-attachment-512\" class=\"wp-caption-text\">Campingplatz Bor auf Krk<\/p><\/div>\n<p>Und das Wetter soll in den n\u00e4chsten nicht besser werden. Ohne viele Stopps fahren wir durch Slowenien und \u00d6sterreich zur\u00fcck nach M\u00fcnchen.<\/p>\n<p>Nie mehr seit der Asien-Reise 2001\/2002 habe ich w\u00e4hrend einer einzigen Reise so viele L\u00e4nder &#8211; San Marino, Mazedonien, Albanien, Montenegro und Bosnien-Herzegowina &#8211; erstmalig besucht. Obwohl der Balkan &#8211; wenn man wie ich im S\u00fcdosten Deutschlands lebt &#8211; fast vor der Haust\u00fcr liegt, war er f\u00fcr mich &#8211; bis zu dieser Reise &#8211; sehr weit weg. Gepr\u00e4gt durch die Kriegsbilder aus Jugoslawien und der langen Verschlossenheit Albaniens. Mein Bild hat sich ge\u00e4ndert. Beeindruckende Landschaften, herausragende Stadtsch\u00f6nheiten, freundliche Menschen, das ist mein neues Bild vom Balkan.<\/p>\n","protected":false},"excerpt":{"rendered":"<p>Ich schw\u00f6re, es war keine Absicht. Aber der 50-Euro-Schein befand sich im Pass. Und der Pass befand sich zu diesem Zeitpunkt in den H\u00e4nden eines mazedonischen Zollbeamtens. Und das an einer Grenzstation, die mit Aufklebern vollgeklebt war, die vor Bestechung warnten. Der Zollbeamte gab mir den Pass zur\u00fcck, mit der bitte, doch nochmals hineinzuschauen. Es [&hellip;]<\/p>\n","protected":false},"author":2,"featured_media":0,"comment_status":"open","ping_status":"open","sticky":false,"template":"","format":"standard","meta":{"footnotes":""},"categories":[1,4],"tags":[219,228,234,218,237,238,224,249,242,229,233,252,247,232,115,245,221,220,88,222,230,243,246,223,251,127,241,250,255,256,225,226,248,235,91,231,217,90,253,257,227,244,239,240,236,254],"class_list":["post-477","post","type-post","status-publish","format-standard","hentry","category-allgemein","category-unterkunft","tag-adria","tag-albanien","tag-albanische-riviera","tag-ancona","tag-apollonia","tag-berat","tag-bitola","tag-bosnien-herzegowina","tag-budva","tag-bunker","tag-butrint","tag-dalmatien","tag-dubrovnik","tag-gjirokastra","tag-griechenland","tag-herceg-novi","tag-igoumenitsa","tag-ionisches-meer","tag-italien","tag-kalambaka","tag-korca","tag-kotor","tag-kroatien","tag-mazedonien","tag-medjugorje","tag-meteora","tag-montenegro","tag-mostar","tag-nationalpark-krka","tag-nationalpark-plitvicer-seen","tag-ohrid","tag-ohridsee","tag-opuzen","tag-orikum","tag-osterreich","tag-permet","tag-san-marino","tag-schweiz","tag-sibenik","tag-slowenien","tag-sveti-naum","tag-sveti-stefan","tag-tirana","tag-virpazar","tag-vlora","tag-zadar"],"_links":{"self":[{"href":"https:\/\/www.erde-in-bildern.de\/reiseblog\/wp-json\/wp\/v2\/posts\/477","targetHints":{"allow":["GET"]}}],"collection":[{"href":"https:\/\/www.erde-in-bildern.de\/reiseblog\/wp-json\/wp\/v2\/posts"}],"about":[{"href":"https:\/\/www.erde-in-bildern.de\/reiseblog\/wp-json\/wp\/v2\/types\/post"}],"author":[{"embeddable":true,"href":"https:\/\/www.erde-in-bildern.de\/reiseblog\/wp-json\/wp\/v2\/users\/2"}],"replies":[{"embeddable":true,"href":"https:\/\/www.erde-in-bildern.de\/reiseblog\/wp-json\/wp\/v2\/comments?post=477"}],"version-history":[{"count":15,"href":"https:\/\/www.erde-in-bildern.de\/reiseblog\/wp-json\/wp\/v2\/posts\/477\/revisions"}],"predecessor-version":[{"id":516,"href":"https:\/\/www.erde-in-bildern.de\/reiseblog\/wp-json\/wp\/v2\/posts\/477\/revisions\/516"}],"wp:attachment":[{"href":"https:\/\/www.erde-in-bildern.de\/reiseblog\/wp-json\/wp\/v2\/media?parent=477"}],"wp:term":[{"taxonomy":"category","embeddable":true,"href":"https:\/\/www.erde-in-bildern.de\/reiseblog\/wp-json\/wp\/v2\/categories?post=477"},{"taxonomy":"post_tag","embeddable":true,"href":"https:\/\/www.erde-in-bildern.de\/reiseblog\/wp-json\/wp\/v2\/tags?post=477"}],"curies":[{"name":"wp","href":"https:\/\/api.w.org\/{rel}","templated":true}]}}