{"id":466,"date":"2010-08-16T20:57:14","date_gmt":"2010-08-16T18:57:14","guid":{"rendered":"http:\/\/www.erde-in-bildern.de\/reiseblog\/?p=466"},"modified":"2013-03-05T11:34:03","modified_gmt":"2013-03-05T10:34:03","slug":"am-rande-erwahnt-1","status":"publish","type":"post","link":"https:\/\/www.erde-in-bildern.de\/reiseblog\/allgemein\/am-rande-erwahnt-1\/","title":{"rendered":"Am Rande erw\u00e4hnt (1) &#8211; Die Deutsche Bahn"},"content":{"rendered":"<p>Zeit: Ein Sonntagmorgen im August. Ort: Der Regional-Express von Ulm nach M\u00fcnchen. Genaugenommen: Der Bahnhof in Offingen (ich m\u00f6chte Offingen nicht zu nahe treten, aber ich kannte den Ort bis zu diesem Zeitpunkt nicht &#8211; was allerdings f\u00fcr einen Gro\u00dfteil aller Orte gilt, es gibt ja erstaunlich viele davon). Verl\u00e4ngerter Stopp wegen kaputter Zug-Toiletten. Reisende mit einem dringenden Gesch\u00e4ft k\u00f6nnen die Bahnhofstoilette benutzen. Erst als alle wieder da sind, geht es weiter. Kundenorientiertheit bei der Bahn!<\/p>\n<p>Die Frage, warum in einem ziemlich neu aussehenden Zug beide Toiletten kaputt sind und ob Reisende durch die Verz\u00f6gerung ihre Anschl\u00fcsse verpassen, kann ich allerdings nicht beantworten. Ab Augsburg wird es einfacher, ein Zugteil mit funktionierenden Toiletten wird angeh\u00e4ngt.<\/p>\n","protected":false},"excerpt":{"rendered":"<p>Zeit: Ein Sonntagmorgen im August. Ort: Der Regional-Express von Ulm nach M\u00fcnchen. Genaugenommen: Der Bahnhof in Offingen (ich m\u00f6chte Offingen nicht zu nahe treten, aber ich kannte den Ort bis zu diesem Zeitpunkt nicht &#8211; was allerdings f\u00fcr einen Gro\u00dfteil aller Orte gilt, es gibt ja erstaunlich viele davon). Verl\u00e4ngerter Stopp wegen kaputter Zug-Toiletten. Reisende [&hellip;]<\/p>\n","protected":false},"author":2,"featured_media":0,"comment_status":"open","ping_status":"open","sticky":false,"template":"","format":"standard","meta":{"footnotes":""},"categories":[1],"tags":[463],"class_list":["post-466","post","type-post","status-publish","format-standard","hentry","category-allgemein","tag-bahnreise"],"_links":{"self":[{"href":"https:\/\/www.erde-in-bildern.de\/reiseblog\/wp-json\/wp\/v2\/posts\/466","targetHints":{"allow":["GET"]}}],"collection":[{"href":"https:\/\/www.erde-in-bildern.de\/reiseblog\/wp-json\/wp\/v2\/posts"}],"about":[{"href":"https:\/\/www.erde-in-bildern.de\/reiseblog\/wp-json\/wp\/v2\/types\/post"}],"author":[{"embeddable":true,"href":"https:\/\/www.erde-in-bildern.de\/reiseblog\/wp-json\/wp\/v2\/users\/2"}],"replies":[{"embeddable":true,"href":"https:\/\/www.erde-in-bildern.de\/reiseblog\/wp-json\/wp\/v2\/comments?post=466"}],"version-history":[{"count":6,"href":"https:\/\/www.erde-in-bildern.de\/reiseblog\/wp-json\/wp\/v2\/posts\/466\/revisions"}],"predecessor-version":[{"id":2012,"href":"https:\/\/www.erde-in-bildern.de\/reiseblog\/wp-json\/wp\/v2\/posts\/466\/revisions\/2012"}],"wp:attachment":[{"href":"https:\/\/www.erde-in-bildern.de\/reiseblog\/wp-json\/wp\/v2\/media?parent=466"}],"wp:term":[{"taxonomy":"category","embeddable":true,"href":"https:\/\/www.erde-in-bildern.de\/reiseblog\/wp-json\/wp\/v2\/categories?post=466"},{"taxonomy":"post_tag","embeddable":true,"href":"https:\/\/www.erde-in-bildern.de\/reiseblog\/wp-json\/wp\/v2\/tags?post=466"}],"curies":[{"name":"wp","href":"https:\/\/api.w.org\/{rel}","templated":true}]}}