{"id":457,"date":"2011-02-01T01:12:40","date_gmt":"2011-01-31T23:12:40","guid":{"rendered":"http:\/\/www.erde-in-bildern.de\/reiseblog\/?p=457"},"modified":"2015-06-26T12:03:07","modified_gmt":"2015-06-26T10:03:07","slug":"andalusien","status":"publish","type":"post","link":"https:\/\/www.erde-in-bildern.de\/reiseblog\/allgemein\/andalusien\/","title":{"rendered":"Andalusien"},"content":{"rendered":"<p>Flughafen M\u00fcnchen. Der Abflug des Air Berlin-Fluges nach M\u00e1laga wird schon zum zweiten Mal um eine Stunde verschoben. Waren die Probleme beim ersten Mal noch von &#8222;allgemeiner Natur&#8220;, sind sie jetzt konkreter, die Befestigung einer Notrutsche macht Zicken. Ein Grund sich Sorgen zu machen? Wohl eher nicht&#8230; Ein Flugausfall am eigenen Geburtstag? Das geht nicht.<\/p>\n<p>Der etwas holprige Beginn der Reise setzt sich nach der Landung in M\u00e1laga fort. Langes Warten auf das Gep\u00e4ck, v\u00f6llig unn\u00f6tige Schwierigkeiten beim Auffinden der Mietwagenfirma (die alte Weisheit, dass, wer lesen kann, sich klar im Vorteil befindet, hatte hier mal wieder seine Berechtigung&#8230;) und zu guter Letzt der Umstand, dass es eine auf der Karte eingezeichnete Autobahn in der wahren Welt noch gar nicht gibt.<\/p>\n<p>Erstes Ziel ist der <a href=\"http:\/\/www.juergen-reichmann.de\/europa\/e\/gibraltar\/49095\/\" target=\"_self\">Felsen von Gibraltar<\/a>. Da gerade kein Flugzeug startet oder landet, geht der Grenz\u00fcbertritt schnell. Was der Grenz\u00fcbertritt mit einem Flugzeug zu tun hat? Die Stra\u00dfe von Spanien nach Gibraltar verl\u00e4uft quer \u00fcber die <a href=\"http:\/\/www.juergen-reichmann.de\/europa\/e\/gibraltar\/49100\/\" target=\"_self\">Start- und Landebahn<\/a>. Und wenn eben ein Flugzeug starten oder landen will&#8230; Eben.<\/p>\n<div id=\"attachment_723\" style=\"width: 310px\" class=\"wp-caption aligncenter\"><img loading=\"lazy\" decoding=\"async\" aria-describedby=\"caption-attachment-723\" class=\"size-medium wp-image-723\" title=\"The Rock Hotel in Gibraltar\" src=\"http:\/\/www.erde-in-bildern.de\/reiseblog\/wp-content\/uploads\/2011\/02\/049102-300x199.jpg\" alt=\"The Rock Hotel in Gibraltar\" width=\"300\" height=\"199\" srcset=\"https:\/\/www.erde-in-bildern.de\/reiseblog\/wp-content\/uploads\/2011\/02\/049102-300x199.jpg 300w, https:\/\/www.erde-in-bildern.de\/reiseblog\/wp-content\/uploads\/2011\/02\/049102.jpg 1000w\" sizes=\"auto, (max-width: 300px) 100vw, 300px\" \/><p id=\"caption-attachment-723\" class=\"wp-caption-text\">The Rock Hotel in Gibraltar<\/p><\/div>\n<p>In (oder auf?) Gibraltar ist alles <em>very british<\/em>, von der Steckdose bis zum Geld. \u00dcberlegungen der britischen Regierung im fernen London, Gibraltar an Spanien zur\u00fcckzugeben, findet in der lokalen Bev\u00f6lkerung nicht wirklich viel Zustimmung. 2002 stimmten 99\u00a0% der Abstimmenden f\u00fcr einen Verbleib unter britischer Herrschaft. Den Hinweis, die Fenster im Hotel bei Abwesenheit geschlossen zu halten, versteht man schnell. Selbst rund ums Hotel wimmelt es von Affen. Die auf Gibraltar lebenden <a href=\"http:\/\/www.juergen-reichmann.de\/europa\/e\/gibraltar\/49132\/\" target=\"_self\">Berberaffen<\/a> sind die einzigen freilebenden Affen in Europa.<\/p>\n<p>Von Gibraltar geht es nach <a href=\"http:\/\/www.juergen-reichmann.de\/europa\/e\/andalusien_sevilla1\/48823\/\" target=\"_self\">Sevilla<\/a>. Die andalusische Hauptstadt ist die einzige Stadt Andalusiens, die ich schon einmal besucht habe. 1992, anl\u00e4sslich der <a href=\"http:\/\/www.juergen-reichmann.de\/europa\/e\/expo92\/10433\/\" target=\"_self\">Weltausstellung<\/a>, als Abstecher einer Portugal-Reise. Das <a href=\"http:\/\/www.juergen-reichmann.de\/europa\/e\/andalusien_sevilla1\/48759\/\" target=\"_self\">alte EXPO-Gel\u00e4nde<\/a> macht jetzt aber einen teilweise ziemlich heruntergekommenen Eindruck. Ansonsten ist die Stadt eine strahlende Sch\u00f6nheit.<\/p>\n<div id=\"attachment_719\" style=\"width: 310px\" class=\"wp-caption aligncenter\"><img loading=\"lazy\" decoding=\"async\" aria-describedby=\"caption-attachment-719\" class=\"size-medium wp-image-719\" title=\"Hotel Monte Triana in Sevilla\" src=\"http:\/\/www.erde-in-bildern.de\/reiseblog\/wp-content\/uploads\/2011\/02\/048857-300x198.jpg\" alt=\"Hotel Monte Triana in Sevilla\" width=\"300\" height=\"198\" srcset=\"https:\/\/www.erde-in-bildern.de\/reiseblog\/wp-content\/uploads\/2011\/02\/048857-300x198.jpg 300w, https:\/\/www.erde-in-bildern.de\/reiseblog\/wp-content\/uploads\/2011\/02\/048857.jpg 1000w\" sizes=\"auto, (max-width: 300px) 100vw, 300px\" \/><p id=\"caption-attachment-719\" class=\"wp-caption-text\">Hotel Monte Triana in Sevilla<\/p><\/div>\n<p>Das gilt auch f\u00fcr <a href=\"http:\/\/www.juergen-reichmann.de\/europa\/e\/andalusien_granada1\/49007\/\" target=\"_self\">Granada<\/a>, die n\u00e4chste Station der Rundreise. In schw\u00fcler Hitze geht es zu Fu\u00df hinauf zur Alhambra. Erinnerungen an <a href=\"http:\/\/www.juergen-reichmann.de\/afrika\/ma\/marrakesch\/24069\/\" target=\"_self\">Marrakesch<\/a> machen sich dort breit. In der Altstadt Granadas die fast v\u00f6llig von H\u00e4usern <a href=\"http:\/\/www.juergen-reichmann.de\/europa\/e\/andalusien_granada1\/48975\/\" target=\"_self\">eingepferchte Kathedrale<\/a>.<\/p>\n<div id=\"attachment_721\" style=\"width: 310px\" class=\"wp-caption aligncenter\"><img loading=\"lazy\" decoding=\"async\" aria-describedby=\"caption-attachment-721\" class=\"size-medium wp-image-721\" title=\"Hotel Hesperia in Granada\" src=\"http:\/\/www.erde-in-bildern.de\/reiseblog\/wp-content\/uploads\/2011\/02\/049069-300x199.jpg\" alt=\"Hotel Hesperia in Granada\" width=\"300\" height=\"199\" srcset=\"https:\/\/www.erde-in-bildern.de\/reiseblog\/wp-content\/uploads\/2011\/02\/049069-300x199.jpg 300w, https:\/\/www.erde-in-bildern.de\/reiseblog\/wp-content\/uploads\/2011\/02\/049069.jpg 1000w\" sizes=\"auto, (max-width: 300px) 100vw, 300px\" \/><p id=\"caption-attachment-721\" class=\"wp-caption-text\">Hotel Hesperia in Granada<\/p><\/div>\n<p>In der H\u00fcgellandschaft zwischen Granada und C\u00f3rdoba liegt das St\u00e4dtchen <a href=\"http:\/\/www.juergen-reichmann.de\/europa\/e\/andalusien_priegodecordoba\/48942\/\" target=\"_self\">Priego de C\u00f3rdoba<\/a>, eines der wei\u00dfen D\u00f6rfer Andalusiens.<\/p>\n<p>Die Mezquita de <a href=\"http:\/\/www.juergen-reichmann.de\/europa\/e\/andalusien_cordoba\/48862\/\" target=\"_self\">C\u00f3rdoba<\/a> war nicht nur die Hauptmoschee des maurischen Spaniens, sie ist auch der gr\u00f6\u00dfte Moscheebau Europas. Oder besser war. Denn seit der Reconquista ist sie eine katholische Kathedrale. In der Mitte des 16. Jahrhunderts wurde die Kirche in den Gebetssaal der Moschee hineingebaut.<\/p>\n<div id=\"attachment_720\" style=\"width: 310px\" class=\"wp-caption aligncenter\"><img loading=\"lazy\" decoding=\"async\" aria-describedby=\"caption-attachment-720\" class=\"size-medium wp-image-720\" title=\"Hotel Eurostars Maimonides in C\u00f3rdoba\" src=\"http:\/\/www.erde-in-bildern.de\/reiseblog\/wp-content\/uploads\/2011\/02\/048913-300x182.jpg\" alt=\"Hotel Eurostars Maimonides in C\u00f3rdoba\" width=\"300\" height=\"182\" srcset=\"https:\/\/www.erde-in-bildern.de\/reiseblog\/wp-content\/uploads\/2011\/02\/048913-300x182.jpg 300w, https:\/\/www.erde-in-bildern.de\/reiseblog\/wp-content\/uploads\/2011\/02\/048913.jpg 1000w\" sizes=\"auto, (max-width: 300px) 100vw, 300px\" \/><p id=\"caption-attachment-720\" class=\"wp-caption-text\">Hotel Eurostars Maimonides in C\u00f3rdoba<\/p><\/div>\n<p>Wie schon in den beiden Jahren zuvor, gibt es auch dieses Mal w\u00e4hrend meiner &#8222;Geburtstagsreise&#8220; ein Konzert. Nach <a href=\"http:\/\/www.juergen-reichmann.de\/welt\/musik\/bruce_springsteen\/73360803\/\" target=\"_self\">Bruce Springsteen<\/a> 2008 im Camp Nou in Barcelona und <a href=\"http:\/\/www.juergen-reichmann.de\/welt\/musik\/u2\/73397805\/\" target=\"_self\">U2<\/a> bei ihrem Heimspiel 2009 im Dubliner Croke Park ist es 2010 <a href=\"http:\/\/www.juergen-reichmann.de\/welt\/musik\/direstraits\/73434302\/\" target=\"_self\">Mark Knopfler<\/a> in dem eher beschaulichen Ambiente der Stierkampfarena von C\u00f3rdoba. Obwohl der Auftritt in C\u00f3rdoba eines der letzten Konzerte seiner <em>Get Lucky<\/em>-Tour ist, machte sowohl der Meister selbst als auch seine Mitstreiter einen spielfreudigen Eindruck. Allerdings war die Set List im Vergleich zu fr\u00fcheren Konzerten der Tour leicht gek\u00fcrzt. Eher grenzwertig war allerdings der Krach, Konzertbesucher in Spanien unterhalten sich st\u00e4ndig und lautstark, was gerade bei ruhigen Passagen doch schon mal gewaltig nervt. Das gelegentlich auftretende Publikumszischen l\u00f6st immer nur ein kurzes Schweigen aus. Auch die vor Konzertbeginn ausgesprochene Bitte keine Blitzlichter beim Fotografieren zu nutzen wird v\u00f6llig ignoriert. Ein wahres Blitzlichtgewitter geht anfangs durch die Arena &#8211; wann sagt den Leuten endlich mal jemand, dass der Blitz einer Kompaktkamera dann doch keine 30 Meter reicht? Bei aller Kritik, die Begeisterung des spanischen Publikums, besonders bei den Dire Straits-Klassikern <em>Romeo and Juliet<\/em>, <em>Sultans of Swing<\/em> und <em>Telegraph Road<\/em>, ist riesig und ansteckend.<\/p>\n<p>Nicht nur in der Stierkampfarena herrschen <a href=\"http:\/\/www.juergen-reichmann.de\/europa\/e\/andalusien_cordoba\/48905\/\" target=\"_self\">hei\u00dfe Temperaturen<\/a> &#8211; <a href=\"http:\/\/guyfletcher.co.uk\/index.php\/getluckytour2010\/25th_July_-_Cordoba_-_Plaza_de_Toros_Los_Califas\" target=\"_self\">Guy Fletcher<\/a>, Mark Knopflers Keyboarder seit Dire Straits-Zeiten, schreibt in seinem Blog von 46 Grad w\u00e4hrend des B\u00fchnenaufbaus. In den von mir im Juli 2010 besuchten Orten Andalusiens sinkt die Temperatur erst nach Sonnenuntergang unter 30 Grad. Aber dies ist nicht wirklich eine \u00dcberraschung. \u00dcberrascht bin in vielmehr davon, dass Andalusien, zumindest in den Gebieten, die ich auf dieser Reise durchquere, einen verh\u00e4ltnism\u00e4\u00dfig gr\u00fcnen Eindruck macht. Ich hatte eine vertrocknete Landschaft erwartet. Die Berge sind voll von einer schier unendlichen Anzahl von <a href=\"http:\/\/www.juergen-reichmann.de\/europa\/e\/andalusien\/48916\/\" target=\"_self\">Olivenb\u00e4umen<\/a>. Und wenn es mal keine Olivenbaumplantagen gibt, dann eben <a href=\"http:\/\/www.juergen-reichmann.de\/europa\/e\/andalusien\/48917\/\" target=\"_self\">Sonnenblumenfelder<\/a>.<\/p>\n<div id=\"attachment_722\" style=\"width: 310px\" class=\"wp-caption aligncenter\"><img loading=\"lazy\" decoding=\"async\" aria-describedby=\"caption-attachment-722\" class=\"size-medium wp-image-722\" title=\"Hotel Posadas de Espa\u00f1a in M\u00e1laga\" src=\"http:\/\/www.erde-in-bildern.de\/reiseblog\/wp-content\/uploads\/2011\/02\/049086-300x185.jpg\" alt=\"Hotel Posadas de Espa\u00f1a in M\u00e1laga\" width=\"300\" height=\"185\" srcset=\"https:\/\/www.erde-in-bildern.de\/reiseblog\/wp-content\/uploads\/2011\/02\/049086-300x185.jpg 300w, https:\/\/www.erde-in-bildern.de\/reiseblog\/wp-content\/uploads\/2011\/02\/049086.jpg 1000w\" sizes=\"auto, (max-width: 300px) 100vw, 300px\" \/><p id=\"caption-attachment-722\" class=\"wp-caption-text\">Hotel Posadas de Espa\u00f1a in M\u00e1laga<\/p><\/div>\n<p>Der Abschluss der kleinen Rundreise durch Andalusien bildet <a href=\"http:\/\/www.juergen-reichmann.de\/europa\/e\/andalusien_malaga\/49073\/\" target=\"_self\">M\u00e1laga<\/a>: Baden an der <a href=\"http:\/\/www.juergen-reichmann.de\/europa\/e\/andalusien_malaga\/49073\/\" target=\"_self\">Costa del Sol<\/a> und ein abendlicher <a href=\"http:\/\/www.juergen-reichmann.de\/europa\/e\/andalusien_malaga\/49076\/\" target=\"_self\">Blick vom Monte Gibralfaro<\/a> auf die Stadt. Dazu ein Reisejubil\u00e4um. Genau <a href=\"http:\/\/www.juergen-reichmann.de\/welt\/interrail\/interrail85\/72521301\/\" target=\"_self\">25 Jahre fr\u00fcher<\/a> begann &#8211; nicht nur f\u00fcr mich &#8211; das Reisen durch europ\u00e4ische L\u00e4nder auf dem Bahnhof in Donaueschingen mit der Abfahrt des Nachtzuges nach Paris.<\/p>\n<p>Eine Andalusien-Reise besteht nicht nur aus dem Abklappern von Sehensw\u00fcrdigkeiten und Fotografieren. Auch wenn mancher, der mich zu kennt, das denken mag&#8230; Nein, meine geliebten <a href=\"http:\/\/www.juergen-reichmann.de\/europa\/e\/andalusien\/48927\/\" target=\"_self\">Gambas al ajillo<\/a> gab es in diesen Tagen &#8211; glaube ich &#8211; jeden Tag, und abends dazu ein k\u00fchles Bier.\u00a0 Die schon vorab gebuchten Hotels &#8211; immerhin mit 3 oder 4 Sternen dekoriert &#8211; waren \u00fcberraschend g\u00fcnstig. Hochsommer ist wohl nicht die Hochsaison f\u00fcr anadalusische St\u00e4dte. Aber wenn man die Mittagshitze meidet, ist es eine sch\u00f6ne Zeit dorthin zu reisen.<\/p>\n","protected":false},"excerpt":{"rendered":"<p>Flughafen M\u00fcnchen. Der Abflug des Air Berlin-Fluges nach M\u00e1laga wird schon zum zweiten Mal um eine Stunde verschoben. Waren die Probleme beim ersten Mal noch von &#8222;allgemeiner Natur&#8220;, sind sie jetzt konkreter, die Befestigung einer Notrutsche macht Zicken. Ein Grund sich Sorgen zu machen? Wohl eher nicht&#8230; Ein Flugausfall am eigenen Geburtstag? Das geht nicht. [&hellip;]<\/p>\n","protected":false},"author":2,"featured_media":0,"comment_status":"open","ping_status":"open","sticky":false,"template":"","format":"standard","meta":{"footnotes":""},"categories":[1,4],"tags":[373,152,157,161,267,37,154,156,153,160,131,361,158,372,155,159,63],"class_list":["post-457","post","type-post","status-publish","format-standard","hentry","category-allgemein","category-unterkunft","tag-air-berlin","tag-andalusien","tag-cordoba","tag-dire-straits","tag-flug","tag-flughafen","tag-gibraltar","tag-granada","tag-malaga","tag-mark-knopfler","tag-mittelmeer","tag-munchen","tag-olivenbaum","tag-priego-de-cordoba","tag-sevilla","tag-sonnenblume","tag-spanien"],"_links":{"self":[{"href":"https:\/\/www.erde-in-bildern.de\/reiseblog\/wp-json\/wp\/v2\/posts\/457","targetHints":{"allow":["GET"]}}],"collection":[{"href":"https:\/\/www.erde-in-bildern.de\/reiseblog\/wp-json\/wp\/v2\/posts"}],"about":[{"href":"https:\/\/www.erde-in-bildern.de\/reiseblog\/wp-json\/wp\/v2\/types\/post"}],"author":[{"embeddable":true,"href":"https:\/\/www.erde-in-bildern.de\/reiseblog\/wp-json\/wp\/v2\/users\/2"}],"replies":[{"embeddable":true,"href":"https:\/\/www.erde-in-bildern.de\/reiseblog\/wp-json\/wp\/v2\/comments?post=457"}],"version-history":[{"count":15,"href":"https:\/\/www.erde-in-bildern.de\/reiseblog\/wp-json\/wp\/v2\/posts\/457\/revisions"}],"predecessor-version":[{"id":2648,"href":"https:\/\/www.erde-in-bildern.de\/reiseblog\/wp-json\/wp\/v2\/posts\/457\/revisions\/2648"}],"wp:attachment":[{"href":"https:\/\/www.erde-in-bildern.de\/reiseblog\/wp-json\/wp\/v2\/media?parent=457"}],"wp:term":[{"taxonomy":"category","embeddable":true,"href":"https:\/\/www.erde-in-bildern.de\/reiseblog\/wp-json\/wp\/v2\/categories?post=457"},{"taxonomy":"post_tag","embeddable":true,"href":"https:\/\/www.erde-in-bildern.de\/reiseblog\/wp-json\/wp\/v2\/tags?post=457"}],"curies":[{"name":"wp","href":"https:\/\/api.w.org\/{rel}","templated":true}]}}