{"id":2268,"date":"2013-09-12T19:49:00","date_gmt":"2013-09-12T17:49:00","guid":{"rendered":"http:\/\/www.erde-in-bildern.de\/reiseblog\/?p=2268"},"modified":"2013-09-12T19:49:00","modified_gmt":"2013-09-12T17:49:00","slug":"wembley-2013-football-is-coming-hoam","status":"publish","type":"post","link":"https:\/\/www.erde-in-bildern.de\/reiseblog\/sport\/wembley-2013-football-is-coming-hoam\/","title":{"rendered":"Wembley 2013 &#8211; Football Is Coming Hoam"},"content":{"rendered":"<p>Ein R\u00fcckblick auf DEN sportlichen H\u00f6hepunkt des Jahres 2013. Und das ganze ohne viel Worte.<\/p>\n<p><strong>London, Wembley-Stadion, 25. Mai 2013<br \/>Champions League Finale<br \/>FC Bayern M\u00fcnchen &#8211; Borussia Dortmund<\/strong><\/p>\n<div id=\"attachment_2271\" style=\"width: 610px\" class=\"wp-caption aligncenter\"><img loading=\"lazy\" decoding=\"async\" aria-describedby=\"caption-attachment-2271\" src=\"http:\/\/www.erde-in-bildern.de\/reiseblog\/wp-content\/uploads\/2013\/09\/1301464-600x349.jpg\" alt=\"Wembley 25. Mai 2013\" width=\"600\" height=\"349\" class=\"size-medium wp-image-2271\" srcset=\"https:\/\/www.erde-in-bildern.de\/reiseblog\/wp-content\/uploads\/2013\/09\/1301464-600x349.jpg 600w, https:\/\/www.erde-in-bildern.de\/reiseblog\/wp-content\/uploads\/2013\/09\/1301464.jpg 1000w\" sizes=\"auto, (max-width: 600px) 100vw, 600px\" \/><p id=\"caption-attachment-2271\" class=\"wp-caption-text\">Wembley 25. Mai 2013 &#8211; White Horse Bridge und Wembley-Stadion<br \/><em>Der Name f\u00fcr die White Horse Bridge wurde in einer Internet-Umfrage gesucht. Dort bekam der Name &#8222;Dieter Hamann Bridge&#8220; die meisten Stimmen (Dieter Hamann war der letzte Torsch\u00fctze im alten Wembley-Stadion), wurde dann aber &#8211; unverst\u00e4ndlicherweise &#8211; nicht verwendet&#8230;<\/em><\/p><\/div>\n<div id=\"attachment_2272\" style=\"width: 610px\" class=\"wp-caption aligncenter\"><img loading=\"lazy\" decoding=\"async\" aria-describedby=\"caption-attachment-2272\" src=\"http:\/\/www.erde-in-bildern.de\/reiseblog\/wp-content\/uploads\/2013\/09\/1301466-600x361.jpg\" alt=\"Wembley 25. Mai 2013\" width=\"600\" height=\"361\" class=\"size-medium wp-image-2272\" srcset=\"https:\/\/www.erde-in-bildern.de\/reiseblog\/wp-content\/uploads\/2013\/09\/1301466-600x361.jpg 600w, https:\/\/www.erde-in-bildern.de\/reiseblog\/wp-content\/uploads\/2013\/09\/1301466.jpg 1000w\" sizes=\"auto, (max-width: 600px) 100vw, 600px\" \/><p id=\"caption-attachment-2272\" class=\"wp-caption-text\">Wembley 25. Mai 2013<\/p><\/div>\n<div id=\"attachment_2273\" style=\"width: 610px\" class=\"wp-caption aligncenter\"><img loading=\"lazy\" decoding=\"async\" aria-describedby=\"caption-attachment-2273\" src=\"http:\/\/www.erde-in-bildern.de\/reiseblog\/wp-content\/uploads\/2013\/09\/1301472-600x405.jpg\" alt=\"Wembley 25. Mai 2013\" width=\"600\" height=\"405\" class=\"size-medium wp-image-2273\" srcset=\"https:\/\/www.erde-in-bildern.de\/reiseblog\/wp-content\/uploads\/2013\/09\/1301472-600x405.jpg 600w, https:\/\/www.erde-in-bildern.de\/reiseblog\/wp-content\/uploads\/2013\/09\/1301472.jpg 1000w\" sizes=\"auto, (max-width: 600px) 100vw, 600px\" \/><p id=\"caption-attachment-2273\" class=\"wp-caption-text\">Wembley 25. Mai 2013<\/p><\/div>\n<div id=\"attachment_2215\" style=\"width: 610px\" class=\"wp-caption aligncenter\"><img loading=\"lazy\" decoding=\"async\" aria-describedby=\"caption-attachment-2215\" src=\"http:\/\/www.erde-in-bildern.de\/reiseblog\/wp-content\/uploads\/2013\/08\/1301473-600x399.jpg\" alt=\"Wembley-Stadion London\" width=\"600\" height=\"399\" class=\"size-medium wp-image-2215\" srcset=\"https:\/\/www.erde-in-bildern.de\/reiseblog\/wp-content\/uploads\/2013\/08\/1301473-600x399.jpg 600w, https:\/\/www.erde-in-bildern.de\/reiseblog\/wp-content\/uploads\/2013\/08\/1301473.jpg 1000w\" sizes=\"auto, (max-width: 600px) 100vw, 600px\" \/><p id=\"caption-attachment-2215\" class=\"wp-caption-text\">Wembley 25. Mai 2013<\/p><\/div>\n<div id=\"attachment_1056\" style=\"width: 610px\" class=\"wp-caption aligncenter\"><iframe loading=\"lazy\" width=\"600\" height=\"371\" src=\"http:\/\/www.youtube.com\/embed\/zA1g_iOvEbg?rel=0\" frameborder=\"0\" allowfullscreen><\/iframe><p id=\"caption-attachment-1056\" class=\"wp-caption-text\">Champions League Finale 2013 FC Bayern M\u00fcnchen - Borussia Dortmund<br \/><em>Der M\u00fcnchner Stadionsprecher Stephan Lehmann pr\u00e4sentiert die Mannschaftsaufstellung des (k\u00fcnftigen) Champions League-Siegers 2013, dem FC Bayern M\u00fcnchen: 1 Manuel Neuer, 4 Dante, 7 Franck Rib\u00e9ry, 8 Javi Martinez, 9 Mario Mandzukic, 10 Arjen Robben, 17 Jerome Boateng, 21 Philipp Lahm, 25 Thomas M\u00fcller, 27 David Alaba, 31 Bastian Schweinsteiger<\/em><\/p><\/div>\n<div id=\"attachment_2275\" style=\"width: 610px\" class=\"wp-caption aligncenter\"><img loading=\"lazy\" decoding=\"async\" aria-describedby=\"caption-attachment-2275\" src=\"http:\/\/www.erde-in-bildern.de\/reiseblog\/wp-content\/uploads\/2013\/09\/1301483-600x403.jpg\" alt=\"Wembley 25. Mai 2013\" width=\"600\" height=\"403\" class=\"size-medium wp-image-2275\" srcset=\"https:\/\/www.erde-in-bildern.de\/reiseblog\/wp-content\/uploads\/2013\/09\/1301483-600x403.jpg 600w, https:\/\/www.erde-in-bildern.de\/reiseblog\/wp-content\/uploads\/2013\/09\/1301483.jpg 1000w\" sizes=\"auto, (max-width: 600px) 100vw, 600px\" \/><p id=\"caption-attachment-2275\" class=\"wp-caption-text\">Wembley 25. Mai 2013<\/p><\/div>\n<div id=\"attachment_2276\" style=\"width: 610px\" class=\"wp-caption aligncenter\"><img loading=\"lazy\" decoding=\"async\" aria-describedby=\"caption-attachment-2276\" src=\"http:\/\/www.erde-in-bildern.de\/reiseblog\/wp-content\/uploads\/2013\/09\/1301492-600x280.jpg\" alt=\"Wembley 25. Mai 2013\" width=\"600\" height=\"280\" class=\"size-medium wp-image-2276\" srcset=\"https:\/\/www.erde-in-bildern.de\/reiseblog\/wp-content\/uploads\/2013\/09\/1301492-600x280.jpg 600w, https:\/\/www.erde-in-bildern.de\/reiseblog\/wp-content\/uploads\/2013\/09\/1301492.jpg 1000w\" sizes=\"auto, (max-width: 600px) 100vw, 600px\" \/><p id=\"caption-attachment-2276\" class=\"wp-caption-text\">Wembley 25. Mai 2013<br \/><em>Aufw\u00e4rmen<\/em><\/p><\/div>\n<div id=\"attachment_2277\" style=\"width: 610px\" class=\"wp-caption aligncenter\"><img loading=\"lazy\" decoding=\"async\" aria-describedby=\"caption-attachment-2277\" src=\"http:\/\/www.erde-in-bildern.de\/reiseblog\/wp-content\/uploads\/2013\/09\/1301493-600x331.jpg\" alt=\"Wembley 25. Mai 2013\" width=\"600\" height=\"331\" class=\"size-medium wp-image-2277\" srcset=\"https:\/\/www.erde-in-bildern.de\/reiseblog\/wp-content\/uploads\/2013\/09\/1301493-600x331.jpg 600w, https:\/\/www.erde-in-bildern.de\/reiseblog\/wp-content\/uploads\/2013\/09\/1301493.jpg 1000w\" sizes=\"auto, (max-width: 600px) 100vw, 600px\" \/><p id=\"caption-attachment-2277\" class=\"wp-caption-text\">Wembley 25. Mai 2013<br \/><em>Er\u00f6ffnungszeremonie &#8211; Paul Breitner an der Spitze der Bayern-Delegation.<\/em><\/p><\/div>\n<div id=\"attachment_2278\" style=\"width: 610px\" class=\"wp-caption aligncenter\"><img loading=\"lazy\" decoding=\"async\" aria-describedby=\"caption-attachment-2278\" src=\"http:\/\/www.erde-in-bildern.de\/reiseblog\/wp-content\/uploads\/2013\/09\/1301495-600x366.jpg\" alt=\"Wembley 25. Mai 2013\" width=\"600\" height=\"366\" class=\"size-medium wp-image-2278\" srcset=\"https:\/\/www.erde-in-bildern.de\/reiseblog\/wp-content\/uploads\/2013\/09\/1301495-600x366.jpg 600w, https:\/\/www.erde-in-bildern.de\/reiseblog\/wp-content\/uploads\/2013\/09\/1301495.jpg 1000w\" sizes=\"auto, (max-width: 600px) 100vw, 600px\" \/><p id=\"caption-attachment-2278\" class=\"wp-caption-text\">Wembley 25. Mai 2013<br \/><em>Er\u00f6ffnungszeremonie<\/em><\/p><\/div>\n<div id=\"attachment_2279\" style=\"width: 610px\" class=\"wp-caption aligncenter\"><img loading=\"lazy\" decoding=\"async\" aria-describedby=\"caption-attachment-2279\" src=\"http:\/\/www.erde-in-bildern.de\/reiseblog\/wp-content\/uploads\/2013\/09\/1301499-600x260.jpg\" alt=\"Wembley 25. Mai 2013\" width=\"600\" height=\"260\" class=\"size-medium wp-image-2279\" srcset=\"https:\/\/www.erde-in-bildern.de\/reiseblog\/wp-content\/uploads\/2013\/09\/1301499-600x260.jpg 600w, https:\/\/www.erde-in-bildern.de\/reiseblog\/wp-content\/uploads\/2013\/09\/1301499.jpg 1000w\" sizes=\"auto, (max-width: 600px) 100vw, 600px\" \/><p id=\"caption-attachment-2279\" class=\"wp-caption-text\">Wembley 25. Mai 2013<br \/><em>Er\u00f6ffnungszeremonie<\/em><\/p><\/div>\n<div id=\"attachment_1056\" style=\"width: 610px\" class=\"wp-caption aligncenter\"><iframe loading=\"lazy\" width=\"600\" height=\"371\" src=\"http:\/\/www.youtube.com\/embed\/0YYDbBv6CX0?rel=0\" frameborder=\"0\" allowfullscreen><\/iframe><p id=\"caption-attachment-1056\" class=\"wp-caption-text\">Wembley 25. Mai 2013<br \/><em>Er\u00f6ffnungszeremonie<\/em><\/p><\/div>\n<div id=\"attachment_2280\" style=\"width: 610px\" class=\"wp-caption aligncenter\"><img loading=\"lazy\" decoding=\"async\" aria-describedby=\"caption-attachment-2280\" src=\"http:\/\/www.erde-in-bildern.de\/reiseblog\/wp-content\/uploads\/2013\/09\/1301504-600x237.jpg\" alt=\"Wembley 25. Mai 2013\" width=\"600\" height=\"237\" class=\"size-medium wp-image-2280\" srcset=\"https:\/\/www.erde-in-bildern.de\/reiseblog\/wp-content\/uploads\/2013\/09\/1301504-600x237.jpg 600w, https:\/\/www.erde-in-bildern.de\/reiseblog\/wp-content\/uploads\/2013\/09\/1301504.jpg 1000w\" sizes=\"auto, (max-width: 600px) 100vw, 600px\" \/><p id=\"caption-attachment-2280\" class=\"wp-caption-text\">Wembley 25. Mai 2013<br \/><em>Er\u00f6ffnungszeremonie<\/em><\/p><\/div>\n<div id=\"attachment_2281\" style=\"width: 610px\" class=\"wp-caption aligncenter\"><img loading=\"lazy\" decoding=\"async\" aria-describedby=\"caption-attachment-2281\" src=\"http:\/\/www.erde-in-bildern.de\/reiseblog\/wp-content\/uploads\/2013\/09\/1301509-600x424.jpg\" alt=\"Wembley 25. Mai 2013\" width=\"600\" height=\"424\" class=\"size-medium wp-image-2281\" srcset=\"https:\/\/www.erde-in-bildern.de\/reiseblog\/wp-content\/uploads\/2013\/09\/1301509-600x424.jpg 600w, https:\/\/www.erde-in-bildern.de\/reiseblog\/wp-content\/uploads\/2013\/09\/1301509.jpg 1000w\" sizes=\"auto, (max-width: 600px) 100vw, 600px\" \/><p id=\"caption-attachment-2281\" class=\"wp-caption-text\">Wembley 25. Mai 2013<br \/><em>Choreografie der Bayern-Fans.<\/em><\/p><\/div>\n<div id=\"attachment_2282\" style=\"width: 610px\" class=\"wp-caption aligncenter\"><img loading=\"lazy\" decoding=\"async\" aria-describedby=\"caption-attachment-2282\" src=\"http:\/\/www.erde-in-bildern.de\/reiseblog\/wp-content\/uploads\/2013\/09\/1301518-600x382.jpg\" alt=\"Wembley 25. Mai 2013\" width=\"600\" height=\"382\" class=\"size-medium wp-image-2282\" srcset=\"https:\/\/www.erde-in-bildern.de\/reiseblog\/wp-content\/uploads\/2013\/09\/1301518-600x382.jpg 600w, https:\/\/www.erde-in-bildern.de\/reiseblog\/wp-content\/uploads\/2013\/09\/1301518.jpg 1000w\" sizes=\"auto, (max-width: 600px) 100vw, 600px\" \/><p id=\"caption-attachment-2282\" class=\"wp-caption-text\">Wembley 25. Mai 2013<\/p><\/div>\n<div id=\"attachment_2283\" style=\"width: 610px\" class=\"wp-caption aligncenter\"><img loading=\"lazy\" decoding=\"async\" aria-describedby=\"caption-attachment-2283\" src=\"http:\/\/www.erde-in-bildern.de\/reiseblog\/wp-content\/uploads\/2013\/09\/1301522-600x341.jpg\" alt=\"Wembley 25. Mai 2013\" width=\"600\" height=\"341\" class=\"size-medium wp-image-2283\" srcset=\"https:\/\/www.erde-in-bildern.de\/reiseblog\/wp-content\/uploads\/2013\/09\/1301522-600x341.jpg 600w, https:\/\/www.erde-in-bildern.de\/reiseblog\/wp-content\/uploads\/2013\/09\/1301522.jpg 1000w\" sizes=\"auto, (max-width: 600px) 100vw, 600px\" \/><p id=\"caption-attachment-2283\" class=\"wp-caption-text\">Wembley 25. Mai 2013<\/p><\/div>\n<div id=\"attachment_2284\" style=\"width: 610px\" class=\"wp-caption aligncenter\"><img loading=\"lazy\" decoding=\"async\" aria-describedby=\"caption-attachment-2284\" src=\"http:\/\/www.erde-in-bildern.de\/reiseblog\/wp-content\/uploads\/2013\/09\/1301523-600x243.jpg\" alt=\"Wembley 25. Mai 2013\" width=\"600\" height=\"243\" class=\"size-medium wp-image-2284\" srcset=\"https:\/\/www.erde-in-bildern.de\/reiseblog\/wp-content\/uploads\/2013\/09\/1301523-600x243.jpg 600w, https:\/\/www.erde-in-bildern.de\/reiseblog\/wp-content\/uploads\/2013\/09\/1301523.jpg 1000w\" sizes=\"auto, (max-width: 600px) 100vw, 600px\" \/><p id=\"caption-attachment-2284\" class=\"wp-caption-text\">Wembley 25. Mai 2013<br \/><em>Kurz vor dem Anpfiff.<\/em><\/p><\/div>\n<div id=\"attachment_2285\" style=\"width: 610px\" class=\"wp-caption aligncenter\"><img loading=\"lazy\" decoding=\"async\" aria-describedby=\"caption-attachment-2285\" src=\"http:\/\/www.erde-in-bildern.de\/reiseblog\/wp-content\/uploads\/2013\/09\/1301527-600x193.jpg\" alt=\"Wembley 25. Mai 2013\" width=\"600\" height=\"193\" class=\"size-medium wp-image-2285\" srcset=\"https:\/\/www.erde-in-bildern.de\/reiseblog\/wp-content\/uploads\/2013\/09\/1301527-600x193.jpg 600w, https:\/\/www.erde-in-bildern.de\/reiseblog\/wp-content\/uploads\/2013\/09\/1301527.jpg 1000w\" sizes=\"auto, (max-width: 600px) 100vw, 600px\" \/><p id=\"caption-attachment-2285\" class=\"wp-caption-text\">Wembley 25. Mai 2013<\/p><\/div>\n<div id=\"attachment_2286\" style=\"width: 610px\" class=\"wp-caption aligncenter\"><img loading=\"lazy\" decoding=\"async\" aria-describedby=\"caption-attachment-2286\" src=\"http:\/\/www.erde-in-bildern.de\/reiseblog\/wp-content\/uploads\/2013\/09\/1301532-600x231.jpg\" alt=\"Wembley 25. Mai 2013\" width=\"600\" height=\"231\" class=\"size-medium wp-image-2286\" srcset=\"https:\/\/www.erde-in-bildern.de\/reiseblog\/wp-content\/uploads\/2013\/09\/1301532-600x231.jpg 600w, https:\/\/www.erde-in-bildern.de\/reiseblog\/wp-content\/uploads\/2013\/09\/1301532.jpg 1000w\" sizes=\"auto, (max-width: 600px) 100vw, 600px\" \/><p id=\"caption-attachment-2286\" class=\"wp-caption-text\">Wembley 25. Mai 2013<\/p><\/div>\n<div id=\"attachment_2287\" style=\"width: 610px\" class=\"wp-caption aligncenter\"><img loading=\"lazy\" decoding=\"async\" aria-describedby=\"caption-attachment-2287\" src=\"http:\/\/www.erde-in-bildern.de\/reiseblog\/wp-content\/uploads\/2013\/09\/1301535-600x361.jpg\" alt=\"Wembley 25. Mai 2013\" width=\"600\" height=\"361\" class=\"size-medium wp-image-2287\" srcset=\"https:\/\/www.erde-in-bildern.de\/reiseblog\/wp-content\/uploads\/2013\/09\/1301535-600x361.jpg 600w, https:\/\/www.erde-in-bildern.de\/reiseblog\/wp-content\/uploads\/2013\/09\/1301535.jpg 1000w\" sizes=\"auto, (max-width: 600px) 100vw, 600px\" \/><p id=\"caption-attachment-2287\" class=\"wp-caption-text\">Wembley 25. Mai 2013<br \/><em>Halbzeit (0:0)<\/em><\/p><\/div>\n<div id=\"attachment_2288\" style=\"width: 610px\" class=\"wp-caption aligncenter\"><img loading=\"lazy\" decoding=\"async\" aria-describedby=\"caption-attachment-2288\" src=\"http:\/\/www.erde-in-bildern.de\/reiseblog\/wp-content\/uploads\/2013\/09\/1301537-600x400.jpg\" alt=\"Wembley 25. Mai 2013\" width=\"600\" height=\"400\" class=\"size-medium wp-image-2288\" srcset=\"https:\/\/www.erde-in-bildern.de\/reiseblog\/wp-content\/uploads\/2013\/09\/1301537-600x400.jpg 600w, https:\/\/www.erde-in-bildern.de\/reiseblog\/wp-content\/uploads\/2013\/09\/1301537.jpg 1000w\" sizes=\"auto, (max-width: 600px) 100vw, 600px\" \/><p id=\"caption-attachment-2288\" class=\"wp-caption-text\">Wembley 25. Mai 2013<\/p><\/div>\n<div id=\"attachment_2289\" style=\"width: 610px\" class=\"wp-caption aligncenter\"><img loading=\"lazy\" decoding=\"async\" aria-describedby=\"caption-attachment-2289\" src=\"http:\/\/www.erde-in-bildern.de\/reiseblog\/wp-content\/uploads\/2013\/09\/1301538-600x373.jpg\" alt=\"Wembley 25. Mai 2013\" width=\"600\" height=\"373\" class=\"size-medium wp-image-2289\" srcset=\"https:\/\/www.erde-in-bildern.de\/reiseblog\/wp-content\/uploads\/2013\/09\/1301538-600x373.jpg 600w, https:\/\/www.erde-in-bildern.de\/reiseblog\/wp-content\/uploads\/2013\/09\/1301538.jpg 1000w\" sizes=\"auto, (max-width: 600px) 100vw, 600px\" \/><p id=\"caption-attachment-2289\" class=\"wp-caption-text\">Wembley 25. Mai 2013<\/p><\/div>\n<div id=\"attachment_2290\" style=\"width: 610px\" class=\"wp-caption aligncenter\"><img loading=\"lazy\" decoding=\"async\" aria-describedby=\"caption-attachment-2290\" src=\"http:\/\/www.erde-in-bildern.de\/reiseblog\/wp-content\/uploads\/2013\/09\/1301543-600x206.jpg\" alt=\"Wembley 25. Mai 2013\" width=\"600\" height=\"206\" class=\"size-medium wp-image-2290\" srcset=\"https:\/\/www.erde-in-bildern.de\/reiseblog\/wp-content\/uploads\/2013\/09\/1301543-600x206.jpg 600w, https:\/\/www.erde-in-bildern.de\/reiseblog\/wp-content\/uploads\/2013\/09\/1301543.jpg 1000w\" sizes=\"auto, (max-width: 600px) 100vw, 600px\" \/><p id=\"caption-attachment-2290\" class=\"wp-caption-text\">Wembley 25. Mai 2013<\/p><\/div>\n<div id=\"attachment_2291\" style=\"width: 610px\" class=\"wp-caption aligncenter\"><img loading=\"lazy\" decoding=\"async\" aria-describedby=\"caption-attachment-2291\" src=\"http:\/\/www.erde-in-bildern.de\/reiseblog\/wp-content\/uploads\/2013\/09\/1301544-600x322.jpg\" alt=\"Wembley 25. Mai 2013\" width=\"600\" height=\"322\" class=\"size-medium wp-image-2291\" srcset=\"https:\/\/www.erde-in-bildern.de\/reiseblog\/wp-content\/uploads\/2013\/09\/1301544-600x322.jpg 600w, https:\/\/www.erde-in-bildern.de\/reiseblog\/wp-content\/uploads\/2013\/09\/1301544.jpg 1000w\" sizes=\"auto, (max-width: 600px) 100vw, 600px\" \/><p id=\"caption-attachment-2291\" class=\"wp-caption-text\">Wembley 25. Mai 2013<br \/><em>60. Spielminute. Die Spieler und Fans des FC Bayern bejubeln das 1:0 durch Mario Mandzukic.<\/em><\/p><\/div>\n<div id=\"attachment_2292\" style=\"width: 610px\" class=\"wp-caption aligncenter\"><img loading=\"lazy\" decoding=\"async\" aria-describedby=\"caption-attachment-2292\" src=\"http:\/\/www.erde-in-bildern.de\/reiseblog\/wp-content\/uploads\/2013\/09\/1301548-600x284.jpg\" alt=\"Wembley 25. Mai 2013\" width=\"600\" height=\"284\" class=\"size-medium wp-image-2292\" srcset=\"https:\/\/www.erde-in-bildern.de\/reiseblog\/wp-content\/uploads\/2013\/09\/1301548-600x284.jpg 600w, https:\/\/www.erde-in-bildern.de\/reiseblog\/wp-content\/uploads\/2013\/09\/1301548.jpg 1000w\" sizes=\"auto, (max-width: 600px) 100vw, 600px\" \/><p id=\"caption-attachment-2292\" class=\"wp-caption-text\">Wembley 25. Mai 2013<br \/><em>89. Spielminute. Die Spieler und Fans des FC Bayern bejubeln das 2:1 durch Arjen Robben.<\/em><\/p><\/div>\n<div id=\"attachment_2293\" style=\"width: 610px\" class=\"wp-caption aligncenter\"><img loading=\"lazy\" decoding=\"async\" aria-describedby=\"caption-attachment-2293\" src=\"http:\/\/www.erde-in-bildern.de\/reiseblog\/wp-content\/uploads\/2013\/09\/1301549-600x393.jpg\" alt=\"Wembley 25. Mai 2013\" width=\"600\" height=\"393\" class=\"size-medium wp-image-2293\" srcset=\"https:\/\/www.erde-in-bildern.de\/reiseblog\/wp-content\/uploads\/2013\/09\/1301549-600x393.jpg 600w, https:\/\/www.erde-in-bildern.de\/reiseblog\/wp-content\/uploads\/2013\/09\/1301549.jpg 1000w\" sizes=\"auto, (max-width: 600px) 100vw, 600px\" \/><p id=\"caption-attachment-2293\" class=\"wp-caption-text\">Wembley 25. Mai 2013<\/p><\/div>\n<div id=\"attachment_2294\" style=\"width: 610px\" class=\"wp-caption aligncenter\"><img loading=\"lazy\" decoding=\"async\" aria-describedby=\"caption-attachment-2294\" src=\"http:\/\/www.erde-in-bildern.de\/reiseblog\/wp-content\/uploads\/2013\/09\/1301552-600x390.jpg\" alt=\"Wembley 25. Mai 2013\" width=\"600\" height=\"390\" class=\"size-medium wp-image-2294\" srcset=\"https:\/\/www.erde-in-bildern.de\/reiseblog\/wp-content\/uploads\/2013\/09\/1301552-600x390.jpg 600w, https:\/\/www.erde-in-bildern.de\/reiseblog\/wp-content\/uploads\/2013\/09\/1301552.jpg 1000w\" sizes=\"auto, (max-width: 600px) 100vw, 600px\" \/><p id=\"caption-attachment-2294\" class=\"wp-caption-text\">Wembley 25. Mai 2013<br \/><em>Spielende (2:1)<\/em><\/p><\/div>\n<div id=\"attachment_2295\" style=\"width: 610px\" class=\"wp-caption aligncenter\"><img loading=\"lazy\" decoding=\"async\" aria-describedby=\"caption-attachment-2295\" src=\"http:\/\/www.erde-in-bildern.de\/reiseblog\/wp-content\/uploads\/2013\/09\/1301553-600x192.jpg\" alt=\"Wembley 25. Mai 2013\" width=\"600\" height=\"192\" class=\"size-medium wp-image-2295\" srcset=\"https:\/\/www.erde-in-bildern.de\/reiseblog\/wp-content\/uploads\/2013\/09\/1301553-600x192.jpg 600w, https:\/\/www.erde-in-bildern.de\/reiseblog\/wp-content\/uploads\/2013\/09\/1301553.jpg 1000w\" sizes=\"auto, (max-width: 600px) 100vw, 600px\" \/><p id=\"caption-attachment-2295\" class=\"wp-caption-text\">Wembley 25. Mai 2013<\/p><\/div>\n<div id=\"attachment_2296\" style=\"width: 610px\" class=\"wp-caption aligncenter\"><img loading=\"lazy\" decoding=\"async\" aria-describedby=\"caption-attachment-2296\" src=\"http:\/\/www.erde-in-bildern.de\/reiseblog\/wp-content\/uploads\/2013\/09\/1301555-600x409.jpg\" alt=\"Wembley 25. Mai 2013\" width=\"600\" height=\"409\" class=\"size-medium wp-image-2296\" srcset=\"https:\/\/www.erde-in-bildern.de\/reiseblog\/wp-content\/uploads\/2013\/09\/1301555-600x409.jpg 600w, https:\/\/www.erde-in-bildern.de\/reiseblog\/wp-content\/uploads\/2013\/09\/1301555.jpg 1000w\" sizes=\"auto, (max-width: 600px) 100vw, 600px\" \/><p id=\"caption-attachment-2296\" class=\"wp-caption-text\">Wembley 25. Mai 2013<\/p><\/div>\n<div id=\"attachment_2297\" style=\"width: 610px\" class=\"wp-caption aligncenter\"><img loading=\"lazy\" decoding=\"async\" aria-describedby=\"caption-attachment-2297\" src=\"http:\/\/www.erde-in-bildern.de\/reiseblog\/wp-content\/uploads\/2013\/09\/1301556-600x376.jpg\" alt=\"Wembley 25. Mai 2013\" width=\"600\" height=\"376\" class=\"size-medium wp-image-2297\" srcset=\"https:\/\/www.erde-in-bildern.de\/reiseblog\/wp-content\/uploads\/2013\/09\/1301556-600x376.jpg 600w, https:\/\/www.erde-in-bildern.de\/reiseblog\/wp-content\/uploads\/2013\/09\/1301556.jpg 1000w\" sizes=\"auto, (max-width: 600px) 100vw, 600px\" \/><p id=\"caption-attachment-2297\" class=\"wp-caption-text\">Wembley 25. Mai 2013<br \/><em>Dortmunder Kurve. Auf der Videoleinwand wird der Name des FC Bayern M\u00fcnchen in den Champions League Pokal eingraviert.<\/em><\/p><\/div>\n<div id=\"attachment_2298\" style=\"width: 610px\" class=\"wp-caption aligncenter\"><img loading=\"lazy\" decoding=\"async\" aria-describedby=\"caption-attachment-2298\" src=\"http:\/\/www.erde-in-bildern.de\/reiseblog\/wp-content\/uploads\/2013\/09\/1301559-600x384.jpg\" alt=\"Wembley 25. Mai 2013\" width=\"600\" height=\"384\" class=\"size-medium wp-image-2298\" srcset=\"https:\/\/www.erde-in-bildern.de\/reiseblog\/wp-content\/uploads\/2013\/09\/1301559-600x384.jpg 600w, https:\/\/www.erde-in-bildern.de\/reiseblog\/wp-content\/uploads\/2013\/09\/1301559.jpg 1000w\" sizes=\"auto, (max-width: 600px) 100vw, 600px\" \/><p id=\"caption-attachment-2298\" class=\"wp-caption-text\">Wembley 25. Mai 2013<br \/><em>Arjen Robben.<\/em><\/p><\/div>\n<div id=\"attachment_2299\" style=\"width: 610px\" class=\"wp-caption aligncenter\"><img loading=\"lazy\" decoding=\"async\" aria-describedby=\"caption-attachment-2299\" src=\"http:\/\/www.erde-in-bildern.de\/reiseblog\/wp-content\/uploads\/2013\/09\/1301563-600x489.jpg\" alt=\"Wembley 25. Mai 2013\" width=\"600\" height=\"489\" class=\"size-medium wp-image-2299\" srcset=\"https:\/\/www.erde-in-bildern.de\/reiseblog\/wp-content\/uploads\/2013\/09\/1301563-600x489.jpg 600w, https:\/\/www.erde-in-bildern.de\/reiseblog\/wp-content\/uploads\/2013\/09\/1301563.jpg 1000w\" sizes=\"auto, (max-width: 600px) 100vw, 600px\" \/><p id=\"caption-attachment-2299\" class=\"wp-caption-text\">Wembley 25. Mai 2013<\/p><\/div>\n<div id=\"attachment_2300\" style=\"width: 610px\" class=\"wp-caption aligncenter\"><img loading=\"lazy\" decoding=\"async\" aria-describedby=\"caption-attachment-2300\" src=\"http:\/\/www.erde-in-bildern.de\/reiseblog\/wp-content\/uploads\/2013\/09\/1301565-600x415.jpg\" alt=\"Wembley 25. Mai 2013\" width=\"600\" height=\"415\" class=\"size-medium wp-image-2300\" srcset=\"https:\/\/www.erde-in-bildern.de\/reiseblog\/wp-content\/uploads\/2013\/09\/1301565-600x415.jpg 600w, https:\/\/www.erde-in-bildern.de\/reiseblog\/wp-content\/uploads\/2013\/09\/1301565.jpg 1000w\" sizes=\"auto, (max-width: 600px) 100vw, 600px\" \/><p id=\"caption-attachment-2300\" class=\"wp-caption-text\">Wembley 25. Mai 2013<br \/><em>Das Tor und die Eckfahnen werden gut beh\u00fctet (21:42 Uhr).<\/em><\/p><\/div>\n<div id=\"attachment_2301\" style=\"width: 610px\" class=\"wp-caption aligncenter\"><img loading=\"lazy\" decoding=\"async\" aria-describedby=\"caption-attachment-2301\" src=\"http:\/\/www.erde-in-bildern.de\/reiseblog\/wp-content\/uploads\/2013\/09\/1301568-600x365.jpg\" alt=\"Wembley 25. Mai 2013\" width=\"600\" height=\"365\" class=\"size-medium wp-image-2301\" srcset=\"https:\/\/www.erde-in-bildern.de\/reiseblog\/wp-content\/uploads\/2013\/09\/1301568-600x365.jpg 600w, https:\/\/www.erde-in-bildern.de\/reiseblog\/wp-content\/uploads\/2013\/09\/1301568.jpg 1000w\" sizes=\"auto, (max-width: 600px) 100vw, 600px\" \/><p id=\"caption-attachment-2301\" class=\"wp-caption-text\">Wembley 25. Mai 2013<br \/><em>Bastian Schweinsteiger und Franck Rib\u00e9ry.<\/em><\/p><\/div>\n<div id=\"attachment_2302\" style=\"width: 610px\" class=\"wp-caption aligncenter\"><img loading=\"lazy\" decoding=\"async\" aria-describedby=\"caption-attachment-2302\" src=\"http:\/\/www.erde-in-bildern.de\/reiseblog\/wp-content\/uploads\/2013\/09\/1301572-600x420.jpg\" alt=\"Wembley 25. Mai 2013\" width=\"600\" height=\"420\" class=\"size-medium wp-image-2302\" srcset=\"https:\/\/www.erde-in-bildern.de\/reiseblog\/wp-content\/uploads\/2013\/09\/1301572-600x420.jpg 600w, https:\/\/www.erde-in-bildern.de\/reiseblog\/wp-content\/uploads\/2013\/09\/1301572.jpg 1000w\" sizes=\"auto, (max-width: 600px) 100vw, 600px\" \/><p id=\"caption-attachment-2302\" class=\"wp-caption-text\">Wembley 25. Mai 2013<br \/><em>Die Spieler von Borussia Dortmund bedanken sich bei ihren Fans.<\/em><\/p><\/div>\n<div id=\"attachment_2303\" style=\"width: 610px\" class=\"wp-caption aligncenter\"><img loading=\"lazy\" decoding=\"async\" aria-describedby=\"caption-attachment-2303\" src=\"http:\/\/www.erde-in-bildern.de\/reiseblog\/wp-content\/uploads\/2013\/09\/1301576-600x340.jpg\" alt=\"Wembley 25. Mai 2013\" width=\"600\" height=\"340\" class=\"size-medium wp-image-2303\" srcset=\"https:\/\/www.erde-in-bildern.de\/reiseblog\/wp-content\/uploads\/2013\/09\/1301576-600x340.jpg 600w, https:\/\/www.erde-in-bildern.de\/reiseblog\/wp-content\/uploads\/2013\/09\/1301576.jpg 1000w\" sizes=\"auto, (max-width: 600px) 100vw, 600px\" \/><p id=\"caption-attachment-2303\" class=\"wp-caption-text\">Wembley 25. Mai 2013<br \/><em>Champions League Sieger 2013: Der FC Bayern M\u00fcnchen.<\/em><\/p><\/div>\n<div id=\"attachment_2304\" style=\"width: 610px\" class=\"wp-caption aligncenter\"><img loading=\"lazy\" decoding=\"async\" aria-describedby=\"caption-attachment-2304\" src=\"http:\/\/www.erde-in-bildern.de\/reiseblog\/wp-content\/uploads\/2013\/09\/1301578-600x367.jpg\" alt=\"Wembley 25. Mai 2013\" width=\"600\" height=\"367\" class=\"size-medium wp-image-2304\" srcset=\"https:\/\/www.erde-in-bildern.de\/reiseblog\/wp-content\/uploads\/2013\/09\/1301578-600x367.jpg 600w, https:\/\/www.erde-in-bildern.de\/reiseblog\/wp-content\/uploads\/2013\/09\/1301578.jpg 1000w\" sizes=\"auto, (max-width: 600px) 100vw, 600px\" \/><p id=\"caption-attachment-2304\" class=\"wp-caption-text\">Wembley 25. Mai 2013<br \/><em>Die Spieler des FC Bayern auf dem Weg zur Siegerehrung.<\/em><\/p><\/div>\n<div id=\"attachment_2305\" style=\"width: 610px\" class=\"wp-caption aligncenter\"><img loading=\"lazy\" decoding=\"async\" aria-describedby=\"caption-attachment-2305\" src=\"http:\/\/www.erde-in-bildern.de\/reiseblog\/wp-content\/uploads\/2013\/09\/1301581-600x403.jpg\" alt=\"Wembley 25. Mai 2013\" width=\"600\" height=\"403\" class=\"size-medium wp-image-2305\" srcset=\"https:\/\/www.erde-in-bildern.de\/reiseblog\/wp-content\/uploads\/2013\/09\/1301581-600x403.jpg 600w, https:\/\/www.erde-in-bildern.de\/reiseblog\/wp-content\/uploads\/2013\/09\/1301581.jpg 1000w\" sizes=\"auto, (max-width: 600px) 100vw, 600px\" \/><p id=\"caption-attachment-2305\" class=\"wp-caption-text\">Wembley 25. Mai 2013<br \/><em>Siegerehrung f\u00fcr den FC Bayern (v.l.): Claudio Pizarro, Anatolij Tymoschtschuk, Rafinha, Dante, Arjen Robben, Bastian Schweinsteiger (mit Bundeskanzlerin Angela Merkel) und Philipp Lahm (mit DFB-Pr\u00e4sident Wolfgang Niersbach.<\/em><\/p><\/div>\n<div id=\"attachment_2306\" style=\"width: 610px\" class=\"wp-caption aligncenter\"><img loading=\"lazy\" decoding=\"async\" aria-describedby=\"caption-attachment-2306\" src=\"http:\/\/www.erde-in-bildern.de\/reiseblog\/wp-content\/uploads\/2013\/09\/1301583-600x454.jpg\" alt=\"Wembley 25. Mai 2013\" width=\"600\" height=\"454\" class=\"size-medium wp-image-2306\" srcset=\"https:\/\/www.erde-in-bildern.de\/reiseblog\/wp-content\/uploads\/2013\/09\/1301583-600x454.jpg 600w, https:\/\/www.erde-in-bildern.de\/reiseblog\/wp-content\/uploads\/2013\/09\/1301583.jpg 1000w\" sizes=\"auto, (max-width: 600px) 100vw, 600px\" \/><p id=\"caption-attachment-2306\" class=\"wp-caption-text\">Wembley 25. Mai 2013<br \/><em>Siegerehrung f\u00fcr den FC Bayern: Pokal\u00fcbergabe und Goldschnipselregen.<\/em><\/p><\/div>\n<div id=\"attachment_2342\" style=\"width: 610px\" class=\"wp-caption aligncenter\"><img loading=\"lazy\" decoding=\"async\" aria-describedby=\"caption-attachment-2342\" src=\"http:\/\/www.erde-in-bildern.de\/reiseblog\/wp-content\/uploads\/2013\/09\/1301584-600x336.jpg\" alt=\"Wembley 25. Mai 2013\" width=\"600\" height=\"336\" class=\"size-medium wp-image-2342\" srcset=\"https:\/\/www.erde-in-bildern.de\/reiseblog\/wp-content\/uploads\/2013\/09\/1301584-600x336.jpg 600w, https:\/\/www.erde-in-bildern.de\/reiseblog\/wp-content\/uploads\/2013\/09\/1301584.jpg 1000w\" sizes=\"auto, (max-width: 600px) 100vw, 600px\" \/><p id=\"caption-attachment-2342\" class=\"wp-caption-text\">Wembley 25. Mai 2013<\/p><\/div>\n<div id=\"attachment_2307\" style=\"width: 610px\" class=\"wp-caption aligncenter\"><img loading=\"lazy\" decoding=\"async\" aria-describedby=\"caption-attachment-2307\" src=\"http:\/\/www.erde-in-bildern.de\/reiseblog\/wp-content\/uploads\/2013\/09\/1301590-600x529.jpg\" alt=\"Wembley 25. Mai 2013\" width=\"600\" height=\"529\" class=\"size-medium wp-image-2307\" srcset=\"https:\/\/www.erde-in-bildern.de\/reiseblog\/wp-content\/uploads\/2013\/09\/1301590-600x529.jpg 600w, https:\/\/www.erde-in-bildern.de\/reiseblog\/wp-content\/uploads\/2013\/09\/1301590.jpg 1000w\" sizes=\"auto, (max-width: 600px) 100vw, 600px\" \/><p id=\"caption-attachment-2307\" class=\"wp-caption-text\">Wembley 25. Mai 2013<br \/><em>Siegerehrung f\u00fcr den FC Bayern (v.l.): Claudio Pizarro, Javi Mart\u00ednez, Thomas M\u00fcller, Anatolij Tymoschtschuk, Mario Mandzukic, Diego Contento, Xherdan Shaqiri, Luiz Gustavo.<\/em><\/p><\/div>\n<div id=\"attachment_2308\" style=\"width: 610px\" class=\"wp-caption aligncenter\"><img loading=\"lazy\" decoding=\"async\" aria-describedby=\"caption-attachment-2308\" src=\"http:\/\/www.erde-in-bildern.de\/reiseblog\/wp-content\/uploads\/2013\/09\/1301592-600x467.jpg\" alt=\"Wembley 25. Mai 2013\" width=\"600\" height=\"467\" class=\"size-medium wp-image-2308\" srcset=\"https:\/\/www.erde-in-bildern.de\/reiseblog\/wp-content\/uploads\/2013\/09\/1301592-600x467.jpg 600w, https:\/\/www.erde-in-bildern.de\/reiseblog\/wp-content\/uploads\/2013\/09\/1301592.jpg 1000w\" sizes=\"auto, (max-width: 600px) 100vw, 600px\" \/><p id=\"caption-attachment-2308\" class=\"wp-caption-text\">Wembley 25. Mai 2013<br \/><em>Siegerehrung f\u00fcr den FC Bayern (v.l.): Thomas M\u00fcller auf den Schultern von Manuel Neuer.<\/em><\/p><\/div>\n<div id=\"attachment_2341\" style=\"width: 610px\" class=\"wp-caption aligncenter\"><img loading=\"lazy\" decoding=\"async\" aria-describedby=\"caption-attachment-2341\" src=\"http:\/\/www.erde-in-bildern.de\/reiseblog\/wp-content\/uploads\/2013\/09\/1301596-600x467.jpg\" alt=\"Wembley 25. Mai 2013\" width=\"600\" height=\"467\" class=\"size-medium wp-image-2341\" srcset=\"https:\/\/www.erde-in-bildern.de\/reiseblog\/wp-content\/uploads\/2013\/09\/1301596-600x467.jpg 600w, https:\/\/www.erde-in-bildern.de\/reiseblog\/wp-content\/uploads\/2013\/09\/1301596.jpg 1000w\" sizes=\"auto, (max-width: 600px) 100vw, 600px\" \/><p id=\"caption-attachment-2341\" class=\"wp-caption-text\">Wembley 25. Mai 2013<br \/><em>Siegerehrung f\u00fcr den FC Bayern (v.l.): David Alaba, Mario Mandzukic, Jupp Heynckes, Karl-Heinz Rummenigge, Bastian Schweinsteiger, Emre Can.<\/em><\/p><\/div>\n<div id=\"attachment_2309\" style=\"width: 610px\" class=\"wp-caption aligncenter\"><img loading=\"lazy\" decoding=\"async\" aria-describedby=\"caption-attachment-2309\" src=\"http:\/\/www.erde-in-bildern.de\/reiseblog\/wp-content\/uploads\/2013\/09\/1301598-600x416.jpg\" alt=\"Wembley 25. Mai 2013\" width=\"600\" height=\"416\" class=\"size-medium wp-image-2309\" srcset=\"https:\/\/www.erde-in-bildern.de\/reiseblog\/wp-content\/uploads\/2013\/09\/1301598-600x416.jpg 600w, https:\/\/www.erde-in-bildern.de\/reiseblog\/wp-content\/uploads\/2013\/09\/1301598.jpg 1000w\" sizes=\"auto, (max-width: 600px) 100vw, 600px\" \/><p id=\"caption-attachment-2309\" class=\"wp-caption-text\">Wembley 25. Mai 2013<br \/><em>Siegerehrung f\u00fcr den FC Bayern (v.l.): Anatolij Tymoschtschuk, David Alaba, Mario Mandzukic, Franck Rib\u00e9ry, Jupp Heynckes, Uli Hoene\u00df, Karl-Heinz Rummenigge, Bastian Schweinsteiger, Daniel Van Buyten, Emre Can, Claudio Pizarro.<\/em><\/p><\/div>\n<div id=\"attachment_2310\" style=\"width: 610px\" class=\"wp-caption aligncenter\"><img loading=\"lazy\" decoding=\"async\" aria-describedby=\"caption-attachment-2310\" src=\"http:\/\/www.erde-in-bildern.de\/reiseblog\/wp-content\/uploads\/2013\/09\/1301600-600x472.jpg\" alt=\"Wembley 25. Mai 2013\" width=\"600\" height=\"472\" class=\"size-medium wp-image-2310\" srcset=\"https:\/\/www.erde-in-bildern.de\/reiseblog\/wp-content\/uploads\/2013\/09\/1301600-600x472.jpg 600w, https:\/\/www.erde-in-bildern.de\/reiseblog\/wp-content\/uploads\/2013\/09\/1301600.jpg 1000w\" sizes=\"auto, (max-width: 600px) 100vw, 600px\" \/><p id=\"caption-attachment-2310\" class=\"wp-caption-text\">Wembley 25. Mai 2013<br \/><em>Siegerehrung f\u00fcr den FC Bayern (v.l.): Uli Hoene\u00df, Karl-Heinz Rummenigge.<\/em><\/p><\/div>\n<div id=\"attachment_2311\" style=\"width: 610px\" class=\"wp-caption aligncenter\"><img loading=\"lazy\" decoding=\"async\" aria-describedby=\"caption-attachment-2311\" src=\"http:\/\/www.erde-in-bildern.de\/reiseblog\/wp-content\/uploads\/2013\/09\/1301609-600x450.jpg\" alt=\"Wembley 25. Mai 2013\" width=\"600\" height=\"450\" class=\"size-medium wp-image-2311\" srcset=\"https:\/\/www.erde-in-bildern.de\/reiseblog\/wp-content\/uploads\/2013\/09\/1301609-600x450.jpg 600w, https:\/\/www.erde-in-bildern.de\/reiseblog\/wp-content\/uploads\/2013\/09\/1301609.jpg 1000w\" sizes=\"auto, (max-width: 600px) 100vw, 600px\" \/><p id=\"caption-attachment-2311\" class=\"wp-caption-text\">Wembley 25. Mai 2013<\/p><\/div>\n<div id=\"attachment_2312\" style=\"width: 610px\" class=\"wp-caption aligncenter\"><img loading=\"lazy\" decoding=\"async\" aria-describedby=\"caption-attachment-2312\" src=\"http:\/\/www.erde-in-bildern.de\/reiseblog\/wp-content\/uploads\/2013\/09\/1301613-600x366.jpg\" alt=\"Wembley 25. Mai 2013\" width=\"600\" height=\"366\" class=\"size-medium wp-image-2312\" srcset=\"https:\/\/www.erde-in-bildern.de\/reiseblog\/wp-content\/uploads\/2013\/09\/1301613-600x366.jpg 600w, https:\/\/www.erde-in-bildern.de\/reiseblog\/wp-content\/uploads\/2013\/09\/1301613.jpg 1000w\" sizes=\"auto, (max-width: 600px) 100vw, 600px\" \/><p id=\"caption-attachment-2312\" class=\"wp-caption-text\">Wembley 25. Mai 2013<br \/><em>Das Tor und die Eckfahnen werden gut beh\u00fctet (22:06 Uhr).<\/em><\/p><\/div>\n<div id=\"attachment_2313\" style=\"width: 610px\" class=\"wp-caption aligncenter\"><img loading=\"lazy\" decoding=\"async\" aria-describedby=\"caption-attachment-2313\" src=\"http:\/\/www.erde-in-bildern.de\/reiseblog\/wp-content\/uploads\/2013\/09\/1301615-600x273.jpg\" alt=\"Wembley 25. Mai 2013\" width=\"600\" height=\"273\" class=\"size-medium wp-image-2313\" srcset=\"https:\/\/www.erde-in-bildern.de\/reiseblog\/wp-content\/uploads\/2013\/09\/1301615-600x273.jpg 600w, https:\/\/www.erde-in-bildern.de\/reiseblog\/wp-content\/uploads\/2013\/09\/1301615.jpg 1000w\" sizes=\"auto, (max-width: 600px) 100vw, 600px\" \/><p id=\"caption-attachment-2313\" class=\"wp-caption-text\">Wembley 25. Mai 2013<\/p><\/div>\n<div id=\"attachment_2314\" style=\"width: 610px\" class=\"wp-caption aligncenter\"><img loading=\"lazy\" decoding=\"async\" aria-describedby=\"caption-attachment-2314\" src=\"http:\/\/www.erde-in-bildern.de\/reiseblog\/wp-content\/uploads\/2013\/09\/1301618-600x306.jpg\" alt=\"Wembley 25. Mai 2013\" width=\"600\" height=\"306\" class=\"size-medium wp-image-2314\" srcset=\"https:\/\/www.erde-in-bildern.de\/reiseblog\/wp-content\/uploads\/2013\/09\/1301618-600x306.jpg 600w, https:\/\/www.erde-in-bildern.de\/reiseblog\/wp-content\/uploads\/2013\/09\/1301618.jpg 1000w\" sizes=\"auto, (max-width: 600px) 100vw, 600px\" \/><p id=\"caption-attachment-2314\" class=\"wp-caption-text\">Wembley 25. Mai 2013<\/p><\/div>\n<div id=\"attachment_2315\" style=\"width: 610px\" class=\"wp-caption aligncenter\"><img loading=\"lazy\" decoding=\"async\" aria-describedby=\"caption-attachment-2315\" src=\"http:\/\/www.erde-in-bildern.de\/reiseblog\/wp-content\/uploads\/2013\/09\/1301622-600x437.jpg\" alt=\"Wembley 25. Mai 2013\" width=\"600\" height=\"437\" class=\"size-medium wp-image-2315\" srcset=\"https:\/\/www.erde-in-bildern.de\/reiseblog\/wp-content\/uploads\/2013\/09\/1301622-600x437.jpg 600w, https:\/\/www.erde-in-bildern.de\/reiseblog\/wp-content\/uploads\/2013\/09\/1301622.jpg 1000w\" sizes=\"auto, (max-width: 600px) 100vw, 600px\" \/><p id=\"caption-attachment-2315\" class=\"wp-caption-text\">Wembley 25. Mai 2013<\/p><\/div>\n<div id=\"attachment_2316\" style=\"width: 610px\" class=\"wp-caption aligncenter\"><img loading=\"lazy\" decoding=\"async\" aria-describedby=\"caption-attachment-2316\" src=\"http:\/\/www.erde-in-bildern.de\/reiseblog\/wp-content\/uploads\/2013\/09\/1301623-600x353.jpg\" alt=\"Wembley 25. Mai 2013\" width=\"600\" height=\"353\" class=\"size-medium wp-image-2316\" srcset=\"https:\/\/www.erde-in-bildern.de\/reiseblog\/wp-content\/uploads\/2013\/09\/1301623-600x353.jpg 600w, https:\/\/www.erde-in-bildern.de\/reiseblog\/wp-content\/uploads\/2013\/09\/1301623.jpg 1000w\" sizes=\"auto, (max-width: 600px) 100vw, 600px\" \/><p id=\"caption-attachment-2316\" class=\"wp-caption-text\">Wembley 25. Mai 2013<\/p><\/div>\n<div id=\"attachment_2317\" style=\"width: 610px\" class=\"wp-caption aligncenter\"><img loading=\"lazy\" decoding=\"async\" aria-describedby=\"caption-attachment-2317\" src=\"http:\/\/www.erde-in-bildern.de\/reiseblog\/wp-content\/uploads\/2013\/09\/1301625-600x424.jpg\" alt=\"Wembley 25. Mai 2013\" width=\"600\" height=\"424\" class=\"size-medium wp-image-2317\" srcset=\"https:\/\/www.erde-in-bildern.de\/reiseblog\/wp-content\/uploads\/2013\/09\/1301625-600x424.jpg 600w, https:\/\/www.erde-in-bildern.de\/reiseblog\/wp-content\/uploads\/2013\/09\/1301625.jpg 1000w\" sizes=\"auto, (max-width: 600px) 100vw, 600px\" \/><p id=\"caption-attachment-2317\" class=\"wp-caption-text\">Wembley 25. Mai 2013<br \/><em>Franck Rib\u00e9ry auf den Spuren von Franz Beckenbauer 1990.<\/em><\/p><\/div>\n<div id=\"attachment_2318\" style=\"width: 610px\" class=\"wp-caption aligncenter\"><img loading=\"lazy\" decoding=\"async\" aria-describedby=\"caption-attachment-2318\" src=\"http:\/\/www.erde-in-bildern.de\/reiseblog\/wp-content\/uploads\/2013\/09\/1301626-600x354.jpg\" alt=\"Wembley 25. Mai 2013\" width=\"600\" height=\"354\" class=\"size-medium wp-image-2318\" srcset=\"https:\/\/www.erde-in-bildern.de\/reiseblog\/wp-content\/uploads\/2013\/09\/1301626-600x354.jpg 600w, https:\/\/www.erde-in-bildern.de\/reiseblog\/wp-content\/uploads\/2013\/09\/1301626.jpg 1000w\" sizes=\"auto, (max-width: 600px) 100vw, 600px\" \/><p id=\"caption-attachment-2318\" class=\"wp-caption-text\">Wembley 25. Mai 2013<\/p><\/div>\n<div id=\"attachment_2319\" style=\"width: 610px\" class=\"wp-caption aligncenter\"><img loading=\"lazy\" decoding=\"async\" aria-describedby=\"caption-attachment-2319\" src=\"http:\/\/www.erde-in-bildern.de\/reiseblog\/wp-content\/uploads\/2013\/09\/1301627-600x349.jpg\" alt=\"Wembley 25. Mai 2013\" width=\"600\" height=\"349\" class=\"size-medium wp-image-2319\" srcset=\"https:\/\/www.erde-in-bildern.de\/reiseblog\/wp-content\/uploads\/2013\/09\/1301627-600x349.jpg 600w, https:\/\/www.erde-in-bildern.de\/reiseblog\/wp-content\/uploads\/2013\/09\/1301627.jpg 1000w\" sizes=\"auto, (max-width: 600px) 100vw, 600px\" \/><p id=\"caption-attachment-2319\" class=\"wp-caption-text\">Wembley 25. Mai 2013<\/p><\/div>\n<div id=\"attachment_2320\" style=\"width: 610px\" class=\"wp-caption aligncenter\"><img loading=\"lazy\" decoding=\"async\" aria-describedby=\"caption-attachment-2320\" src=\"http:\/\/www.erde-in-bildern.de\/reiseblog\/wp-content\/uploads\/2013\/09\/1301630-600x320.jpg\" alt=\"Wembley 25. Mai 2013\" width=\"600\" height=\"320\" class=\"size-medium wp-image-2320\" srcset=\"https:\/\/www.erde-in-bildern.de\/reiseblog\/wp-content\/uploads\/2013\/09\/1301630-600x320.jpg 600w, https:\/\/www.erde-in-bildern.de\/reiseblog\/wp-content\/uploads\/2013\/09\/1301630.jpg 1000w\" sizes=\"auto, (max-width: 600px) 100vw, 600px\" \/><p id=\"caption-attachment-2320\" class=\"wp-caption-text\">Wembley 25. Mai 2013<br \/><em>Die Spieler des FC Bayern feiern ihren Trainer Jupp Heynckes.<\/em><\/p><\/div>\n<div id=\"attachment_2321\" style=\"width: 610px\" class=\"wp-caption aligncenter\"><img loading=\"lazy\" decoding=\"async\" aria-describedby=\"caption-attachment-2321\" src=\"http:\/\/www.erde-in-bildern.de\/reiseblog\/wp-content\/uploads\/2013\/09\/1301639-600x450.jpg\" alt=\"Wembley 25. Mai 2013\" width=\"600\" height=\"450\" class=\"size-medium wp-image-2321\" srcset=\"https:\/\/www.erde-in-bildern.de\/reiseblog\/wp-content\/uploads\/2013\/09\/1301639-600x450.jpg 600w, https:\/\/www.erde-in-bildern.de\/reiseblog\/wp-content\/uploads\/2013\/09\/1301639.jpg 1000w\" sizes=\"auto, (max-width: 600px) 100vw, 600px\" \/><p id=\"caption-attachment-2321\" class=\"wp-caption-text\">Wembley 25. Mai 2013<\/p><\/div>\n<div id=\"attachment_2322\" style=\"width: 610px\" class=\"wp-caption aligncenter\"><img loading=\"lazy\" decoding=\"async\" aria-describedby=\"caption-attachment-2322\" src=\"http:\/\/www.erde-in-bildern.de\/reiseblog\/wp-content\/uploads\/2013\/09\/1301641-600x355.jpg\" alt=\"Wembley 25. Mai 2013\" width=\"600\" height=\"355\" class=\"size-medium wp-image-2322\" srcset=\"https:\/\/www.erde-in-bildern.de\/reiseblog\/wp-content\/uploads\/2013\/09\/1301641-600x355.jpg 600w, https:\/\/www.erde-in-bildern.de\/reiseblog\/wp-content\/uploads\/2013\/09\/1301641.jpg 1000w\" sizes=\"auto, (max-width: 600px) 100vw, 600px\" \/><p id=\"caption-attachment-2322\" class=\"wp-caption-text\">Wembley 25. Mai 2013<\/p><\/div>\n<div id=\"attachment_2323\" style=\"width: 610px\" class=\"wp-caption aligncenter\"><img loading=\"lazy\" decoding=\"async\" aria-describedby=\"caption-attachment-2323\" src=\"http:\/\/www.erde-in-bildern.de\/reiseblog\/wp-content\/uploads\/2013\/09\/1301643-600x328.jpg\" alt=\"Wembley 25. Mai 2013\" width=\"600\" height=\"328\" class=\"size-medium wp-image-2323\" srcset=\"https:\/\/www.erde-in-bildern.de\/reiseblog\/wp-content\/uploads\/2013\/09\/1301643-600x328.jpg 600w, https:\/\/www.erde-in-bildern.de\/reiseblog\/wp-content\/uploads\/2013\/09\/1301643.jpg 1000w\" sizes=\"auto, (max-width: 600px) 100vw, 600px\" \/><p id=\"caption-attachment-2323\" class=\"wp-caption-text\">Wembley 25. Mai 2013<\/p><\/div>\n<div id=\"attachment_2324\" style=\"width: 610px\" class=\"wp-caption aligncenter\"><img loading=\"lazy\" decoding=\"async\" aria-describedby=\"caption-attachment-2324\" src=\"http:\/\/www.erde-in-bildern.de\/reiseblog\/wp-content\/uploads\/2013\/09\/1301645-600x337.jpg\" alt=\"Wembley 25. Mai 2013\" width=\"600\" height=\"337\" class=\"size-medium wp-image-2324\" srcset=\"https:\/\/www.erde-in-bildern.de\/reiseblog\/wp-content\/uploads\/2013\/09\/1301645-600x337.jpg 600w, https:\/\/www.erde-in-bildern.de\/reiseblog\/wp-content\/uploads\/2013\/09\/1301645.jpg 1000w\" sizes=\"auto, (max-width: 600px) 100vw, 600px\" \/><p id=\"caption-attachment-2324\" class=\"wp-caption-text\">Wembley 25. Mai 2013<\/p><\/div>\n<div id=\"attachment_2325\" style=\"width: 610px\" class=\"wp-caption aligncenter\"><img loading=\"lazy\" decoding=\"async\" aria-describedby=\"caption-attachment-2325\" src=\"http:\/\/www.erde-in-bildern.de\/reiseblog\/wp-content\/uploads\/2013\/09\/1301650-600x346.jpg\" alt=\"Wembley 25. Mai 2013\" width=\"600\" height=\"346\" class=\"size-medium wp-image-2325\" srcset=\"https:\/\/www.erde-in-bildern.de\/reiseblog\/wp-content\/uploads\/2013\/09\/1301650-600x346.jpg 600w, https:\/\/www.erde-in-bildern.de\/reiseblog\/wp-content\/uploads\/2013\/09\/1301650.jpg 1000w\" sizes=\"auto, (max-width: 600px) 100vw, 600px\" \/><p id=\"caption-attachment-2325\" class=\"wp-caption-text\">Wembley 25. Mai 2013<\/p><\/div>\n<div id=\"attachment_2326\" style=\"width: 610px\" class=\"wp-caption aligncenter\"><img loading=\"lazy\" decoding=\"async\" aria-describedby=\"caption-attachment-2326\" src=\"http:\/\/www.erde-in-bildern.de\/reiseblog\/wp-content\/uploads\/2013\/09\/1301655-600x374.jpg\" alt=\"Wembley 25. Mai 2013\" width=\"600\" height=\"374\" class=\"size-medium wp-image-2326\" srcset=\"https:\/\/www.erde-in-bildern.de\/reiseblog\/wp-content\/uploads\/2013\/09\/1301655-600x374.jpg 600w, https:\/\/www.erde-in-bildern.de\/reiseblog\/wp-content\/uploads\/2013\/09\/1301655.jpg 1000w\" sizes=\"auto, (max-width: 600px) 100vw, 600px\" \/><p id=\"caption-attachment-2326\" class=\"wp-caption-text\">Wembley 25. Mai 2013<\/p><\/div>\n<div id=\"attachment_2327\" style=\"width: 610px\" class=\"wp-caption aligncenter\"><img loading=\"lazy\" decoding=\"async\" aria-describedby=\"caption-attachment-2327\" src=\"http:\/\/www.erde-in-bildern.de\/reiseblog\/wp-content\/uploads\/2013\/09\/1301656-600x434.jpg\" alt=\"Wembley 25. Mai 2013\" width=\"600\" height=\"434\" class=\"size-medium wp-image-2327\" srcset=\"https:\/\/www.erde-in-bildern.de\/reiseblog\/wp-content\/uploads\/2013\/09\/1301656-600x434.jpg 600w, https:\/\/www.erde-in-bildern.de\/reiseblog\/wp-content\/uploads\/2013\/09\/1301656.jpg 1000w\" sizes=\"auto, (max-width: 600px) 100vw, 600px\" \/><p id=\"caption-attachment-2327\" class=\"wp-caption-text\">Wembley 25. Mai 2013<\/p><\/div>\n<div id=\"attachment_2328\" style=\"width: 610px\" class=\"wp-caption aligncenter\"><img loading=\"lazy\" decoding=\"async\" aria-describedby=\"caption-attachment-2328\" src=\"http:\/\/www.erde-in-bildern.de\/reiseblog\/wp-content\/uploads\/2013\/09\/1301658-600x307.jpg\" alt=\"Wembley 25. Mai 2013\" width=\"600\" height=\"307\" class=\"size-medium wp-image-2328\" srcset=\"https:\/\/www.erde-in-bildern.de\/reiseblog\/wp-content\/uploads\/2013\/09\/1301658-600x307.jpg 600w, https:\/\/www.erde-in-bildern.de\/reiseblog\/wp-content\/uploads\/2013\/09\/1301658.jpg 1000w\" sizes=\"auto, (max-width: 600px) 100vw, 600px\" \/><p id=\"caption-attachment-2328\" class=\"wp-caption-text\">Wembley 25. Mai 2013<br \/><em>Die leere Westtrib\u00fcne.<\/em><\/p><\/div>\n<div id=\"attachment_2329\" style=\"width: 610px\" class=\"wp-caption aligncenter\"><img loading=\"lazy\" decoding=\"async\" aria-describedby=\"caption-attachment-2329\" src=\"http:\/\/www.erde-in-bildern.de\/reiseblog\/wp-content\/uploads\/2013\/09\/1301661-600x387.jpg\" alt=\"Wembley 25. Mai 2013\" width=\"600\" height=\"387\" class=\"size-medium wp-image-2329\" srcset=\"https:\/\/www.erde-in-bildern.de\/reiseblog\/wp-content\/uploads\/2013\/09\/1301661-600x387.jpg 600w, https:\/\/www.erde-in-bildern.de\/reiseblog\/wp-content\/uploads\/2013\/09\/1301661.jpg 1000w\" sizes=\"auto, (max-width: 600px) 100vw, 600px\" \/><p id=\"caption-attachment-2329\" class=\"wp-caption-text\">Wembley 25. Mai 2013<br \/><em>Die Spieler des FC Bayern zerlegen das Tor, in das sie zweimal getroffen hatten.<\/em><\/p><\/div>\n<div id=\"attachment_2330\" style=\"width: 610px\" class=\"wp-caption aligncenter\"><img loading=\"lazy\" decoding=\"async\" aria-describedby=\"caption-attachment-2330\" src=\"http:\/\/www.erde-in-bildern.de\/reiseblog\/wp-content\/uploads\/2013\/09\/1301664-600x286.jpg\" alt=\"Wembley 25. Mai 2013\" width=\"600\" height=\"286\" class=\"size-medium wp-image-2330\" srcset=\"https:\/\/www.erde-in-bildern.de\/reiseblog\/wp-content\/uploads\/2013\/09\/1301664-600x286.jpg 600w, https:\/\/www.erde-in-bildern.de\/reiseblog\/wp-content\/uploads\/2013\/09\/1301664.jpg 1000w\" sizes=\"auto, (max-width: 600px) 100vw, 600px\" \/><p id=\"caption-attachment-2330\" class=\"wp-caption-text\">Wembley 25. Mai 2013<\/p><\/div>\n<div id=\"attachment_2331\" style=\"width: 610px\" class=\"wp-caption aligncenter\"><img loading=\"lazy\" decoding=\"async\" aria-describedby=\"caption-attachment-2331\" src=\"http:\/\/www.erde-in-bildern.de\/reiseblog\/wp-content\/uploads\/2013\/09\/1301674-600x450.jpg\" alt=\"Wembley 25. Mai 2013\" width=\"600\" height=\"450\" class=\"size-medium wp-image-2331\" srcset=\"https:\/\/www.erde-in-bildern.de\/reiseblog\/wp-content\/uploads\/2013\/09\/1301674-600x450.jpg 600w, https:\/\/www.erde-in-bildern.de\/reiseblog\/wp-content\/uploads\/2013\/09\/1301674.jpg 1000w\" sizes=\"auto, (max-width: 600px) 100vw, 600px\" \/><p id=\"caption-attachment-2331\" class=\"wp-caption-text\">Wembley 25. Mai 2013<br \/><em>Ein Fan des FC Bayern.<\/em> <a href=\"http:\/\/www.erde-in-bildern.de\/reiseblog\/wp-content\/uploads\/2013\/09\/1301514.jpg\" rel=\"lightbox[wembley2013]\" title=\"Noch ein Fan des FC Bayern.\">\ud83d\ude42<\/a><\/p><\/div>\n<div id=\"attachment_2332\" style=\"width: 610px\" class=\"wp-caption aligncenter\"><img loading=\"lazy\" decoding=\"async\" aria-describedby=\"caption-attachment-2332\" src=\"http:\/\/www.erde-in-bildern.de\/reiseblog\/wp-content\/uploads\/2013\/09\/1301676-600x570.jpg\" alt=\"Wembley 25. Mai 2013\" width=\"600\" height=\"570\" class=\"size-medium wp-image-2332\" srcset=\"https:\/\/www.erde-in-bildern.de\/reiseblog\/wp-content\/uploads\/2013\/09\/1301676-600x570.jpg 600w, https:\/\/www.erde-in-bildern.de\/reiseblog\/wp-content\/uploads\/2013\/09\/1301676.jpg 1000w\" sizes=\"auto, (max-width: 600px) 100vw, 600px\" \/><p id=\"caption-attachment-2332\" class=\"wp-caption-text\">Wembley 25. Mai 2013<\/p><\/div>\n<div id=\"attachment_2333\" style=\"width: 610px\" class=\"wp-caption aligncenter\"><img loading=\"lazy\" decoding=\"async\" aria-describedby=\"caption-attachment-2333\" src=\"http:\/\/www.erde-in-bildern.de\/reiseblog\/wp-content\/uploads\/2013\/09\/1301683-600x451.jpg\" alt=\"Wembley 25. Mai 2013\" width=\"600\" height=\"451\" class=\"size-medium wp-image-2333\" srcset=\"https:\/\/www.erde-in-bildern.de\/reiseblog\/wp-content\/uploads\/2013\/09\/1301683-600x451.jpg 600w, https:\/\/www.erde-in-bildern.de\/reiseblog\/wp-content\/uploads\/2013\/09\/1301683.jpg 1000w\" sizes=\"auto, (max-width: 600px) 100vw, 600px\" \/><p id=\"caption-attachment-2333\" class=\"wp-caption-text\">Wembley 25. Mai 2013<\/p><\/div>\n<div id=\"attachment_2334\" style=\"width: 610px\" class=\"wp-caption aligncenter\"><img loading=\"lazy\" decoding=\"async\" aria-describedby=\"caption-attachment-2334\" src=\"http:\/\/www.erde-in-bildern.de\/reiseblog\/wp-content\/uploads\/2013\/09\/1301686-600x421.jpg\" alt=\"Wembley 25. Mai 2013\" width=\"600\" height=\"421\" class=\"size-medium wp-image-2334\" srcset=\"https:\/\/www.erde-in-bildern.de\/reiseblog\/wp-content\/uploads\/2013\/09\/1301686-600x421.jpg 600w, https:\/\/www.erde-in-bildern.de\/reiseblog\/wp-content\/uploads\/2013\/09\/1301686.jpg 1000w\" sizes=\"auto, (max-width: 600px) 100vw, 600px\" \/><p id=\"caption-attachment-2334\" class=\"wp-caption-text\">Wembley 25. Mai 2013<br \/><em>2 Stunden nach Spielschluss &#8211; Das Stadion ist leer.<\/em><\/p><\/div>\n<div id=\"attachment_2335\" style=\"width: 610px\" class=\"wp-caption aligncenter\"><img loading=\"lazy\" decoding=\"async\" aria-describedby=\"caption-attachment-2335\" src=\"http:\/\/www.erde-in-bildern.de\/reiseblog\/wp-content\/uploads\/2013\/09\/1301688-600x422.jpg\" alt=\"Wembley 25. Mai 2013\" width=\"600\" height=\"422\" class=\"size-medium wp-image-2335\" srcset=\"https:\/\/www.erde-in-bildern.de\/reiseblog\/wp-content\/uploads\/2013\/09\/1301688-600x422.jpg 600w, https:\/\/www.erde-in-bildern.de\/reiseblog\/wp-content\/uploads\/2013\/09\/1301688.jpg 1000w\" sizes=\"auto, (max-width: 600px) 100vw, 600px\" \/><p id=\"caption-attachment-2335\" class=\"wp-caption-text\">Wembley 25. Mai 2013<\/p><\/div>\n<div id=\"attachment_2336\" style=\"width: 610px\" class=\"wp-caption aligncenter\"><img loading=\"lazy\" decoding=\"async\" aria-describedby=\"caption-attachment-2336\" src=\"http:\/\/www.erde-in-bildern.de\/reiseblog\/wp-content\/uploads\/2013\/09\/1301690-600x452.jpg\" alt=\"Wembley 25. Mai 2013\" width=\"600\" height=\"452\" class=\"size-medium wp-image-2336\" srcset=\"https:\/\/www.erde-in-bildern.de\/reiseblog\/wp-content\/uploads\/2013\/09\/1301690-600x452.jpg 600w, https:\/\/www.erde-in-bildern.de\/reiseblog\/wp-content\/uploads\/2013\/09\/1301690.jpg 1000w\" sizes=\"auto, (max-width: 600px) 100vw, 600px\" \/><p id=\"caption-attachment-2336\" class=\"wp-caption-text\">Wembley 25. Mai 2013<\/p><\/div>\n<div id=\"attachment_2337\" style=\"width: 610px\" class=\"wp-caption aligncenter\"><img loading=\"lazy\" decoding=\"async\" aria-describedby=\"caption-attachment-2337\" src=\"http:\/\/www.erde-in-bildern.de\/reiseblog\/wp-content\/uploads\/2013\/09\/1301693-600x384.jpg\" alt=\"Wembley 25. Mai 2013\" width=\"600\" height=\"384\" class=\"size-medium wp-image-2337\" srcset=\"https:\/\/www.erde-in-bildern.de\/reiseblog\/wp-content\/uploads\/2013\/09\/1301693-600x384.jpg 600w, https:\/\/www.erde-in-bildern.de\/reiseblog\/wp-content\/uploads\/2013\/09\/1301693.jpg 1000w\" sizes=\"auto, (max-width: 600px) 100vw, 600px\" \/><p id=\"caption-attachment-2337\" class=\"wp-caption-text\">Wembley 25. Mai 2013<\/p><\/div>\n<div id=\"attachment_2338\" style=\"width: 610px\" class=\"wp-caption aligncenter\"><img loading=\"lazy\" decoding=\"async\" aria-describedby=\"caption-attachment-2338\" src=\"http:\/\/www.erde-in-bildern.de\/reiseblog\/wp-content\/uploads\/2013\/09\/1301699-600x369.jpg\" alt=\"Wembley 25. Mai 2013\" width=\"600\" height=\"369\" class=\"size-medium wp-image-2338\" srcset=\"https:\/\/www.erde-in-bildern.de\/reiseblog\/wp-content\/uploads\/2013\/09\/1301699-600x369.jpg 600w, https:\/\/www.erde-in-bildern.de\/reiseblog\/wp-content\/uploads\/2013\/09\/1301699.jpg 1000w\" sizes=\"auto, (max-width: 600px) 100vw, 600px\" \/><p id=\"caption-attachment-2338\" class=\"wp-caption-text\">Wembley 25. Mai 2013<\/p><\/div>\n<div id=\"attachment_2339\" style=\"width: 610px\" class=\"wp-caption aligncenter\"><img loading=\"lazy\" decoding=\"async\" aria-describedby=\"caption-attachment-2339\" src=\"http:\/\/www.erde-in-bildern.de\/reiseblog\/wp-content\/uploads\/2013\/09\/1301700-600x423.jpg\" alt=\"Wembley 25. Mai 2013\" width=\"600\" height=\"423\" class=\"size-medium wp-image-2339\" srcset=\"https:\/\/www.erde-in-bildern.de\/reiseblog\/wp-content\/uploads\/2013\/09\/1301700-600x423.jpg 600w, https:\/\/www.erde-in-bildern.de\/reiseblog\/wp-content\/uploads\/2013\/09\/1301700.jpg 1000w\" sizes=\"auto, (max-width: 600px) 100vw, 600px\" \/><p id=\"caption-attachment-2339\" class=\"wp-caption-text\">Wembley 25. Mai 2013<\/p><\/div>\n<div id=\"attachment_2340\" style=\"width: 610px\" class=\"wp-caption aligncenter\"><img loading=\"lazy\" decoding=\"async\" aria-describedby=\"caption-attachment-2340\" src=\"http:\/\/www.erde-in-bildern.de\/reiseblog\/wp-content\/uploads\/2013\/09\/1301705-600x394.jpg\" alt=\"Wembley 25. Mai 2013\" width=\"600\" height=\"394\" class=\"size-medium wp-image-2340\" srcset=\"https:\/\/www.erde-in-bildern.de\/reiseblog\/wp-content\/uploads\/2013\/09\/1301705-600x394.jpg 600w, https:\/\/www.erde-in-bildern.de\/reiseblog\/wp-content\/uploads\/2013\/09\/1301705.jpg 1000w\" sizes=\"auto, (max-width: 600px) 100vw, 600px\" \/><p id=\"caption-attachment-2340\" class=\"wp-caption-text\">Wembley 25. Mai 2013<\/p><\/div>\n","protected":false},"excerpt":{"rendered":"<p>Ein R\u00fcckblick auf DEN sportlichen H\u00f6hepunkt des Jahres 2013. Und das ganze ohne viel Worte. London, Wembley-Stadion, 25. Mai 2013Champions League FinaleFC Bayern M\u00fcnchen &#8211; Borussia Dortmund<\/p>\n","protected":false},"author":2,"featured_media":0,"comment_status":"open","ping_status":"open","sticky":false,"template":"","format":"standard","meta":{"footnotes":""},"categories":[464],"tags":[517,381,380,384,74,516],"class_list":["post-2268","post","type-post","status-publish","format-standard","hentry","category-sport","tag-borussia-dortmund","tag-champions-league","tag-fc-bayern-munchen","tag-fusball","tag-london","tag-wembley-stadion"],"_links":{"self":[{"href":"https:\/\/www.erde-in-bildern.de\/reiseblog\/wp-json\/wp\/v2\/posts\/2268","targetHints":{"allow":["GET"]}}],"collection":[{"href":"https:\/\/www.erde-in-bildern.de\/reiseblog\/wp-json\/wp\/v2\/posts"}],"about":[{"href":"https:\/\/www.erde-in-bildern.de\/reiseblog\/wp-json\/wp\/v2\/types\/post"}],"author":[{"embeddable":true,"href":"https:\/\/www.erde-in-bildern.de\/reiseblog\/wp-json\/wp\/v2\/users\/2"}],"replies":[{"embeddable":true,"href":"https:\/\/www.erde-in-bildern.de\/reiseblog\/wp-json\/wp\/v2\/comments?post=2268"}],"version-history":[{"count":7,"href":"https:\/\/www.erde-in-bildern.de\/reiseblog\/wp-json\/wp\/v2\/posts\/2268\/revisions"}],"predecessor-version":[{"id":2348,"href":"https:\/\/www.erde-in-bildern.de\/reiseblog\/wp-json\/wp\/v2\/posts\/2268\/revisions\/2348"}],"wp:attachment":[{"href":"https:\/\/www.erde-in-bildern.de\/reiseblog\/wp-json\/wp\/v2\/media?parent=2268"}],"wp:term":[{"taxonomy":"category","embeddable":true,"href":"https:\/\/www.erde-in-bildern.de\/reiseblog\/wp-json\/wp\/v2\/categories?post=2268"},{"taxonomy":"post_tag","embeddable":true,"href":"https:\/\/www.erde-in-bildern.de\/reiseblog\/wp-json\/wp\/v2\/tags?post=2268"}],"curies":[{"name":"wp","href":"https:\/\/api.w.org\/{rel}","templated":true}]}}