{"id":2207,"date":"2013-09-04T22:12:06","date_gmt":"2013-09-04T20:12:06","guid":{"rendered":"http:\/\/www.erde-in-bildern.de\/reiseblog\/?p=2207"},"modified":"2020-12-08T12:14:26","modified_gmt":"2020-12-08T11:14:26","slug":"italia-italia","status":"publish","type":"post","link":"https:\/\/www.erde-in-bildern.de\/reiseblog\/allgemein\/italia-italia\/","title":{"rendered":"Italia! Italia!"},"content":{"rendered":"<p>&#8222;Italia! Italia!&#8220; Diese Worte h\u00f6re ich nicht von begeisterten Fans in einem Fu\u00dfballstadion, sondern von Leuten, die auf die eine oder andere Weise auf dem Flughafen von Neapel arbeiten. Und wirklich begeistert sind sie auch nicht.<\/p>\n<p>Was ist passiert? Die lange Version? Ok, warum nicht \ud83d\ude42<\/p>\n<p>Im August 2012 k\u00fcndigt Mark Knopfler seine <em>Privateering<\/em>-Tour mit Konzerten im Fr\u00fchling\/Sommer 2013 an. Zwei Termine bringen meine Augen zum Leuchten. Der 27. Mai in London (noch dazu in der Royal Albert Hall!) und der 14. Juli in Neapel. Der London-Termin ist schnell erkl\u00e4rt. Denn, wenn es noch einen Grund gebraucht h\u00e4tte, in jenen Maitagen noch London zu fliegen, jetzt ist er gefunden. Denn der 27. Mai ist der Montag, der jenem Samstag folgt, an dem im Wembley-Stadion das <a href=\"https:\/\/www.erde-in-bildern.de\/reiseblog\/sport\/wembley-2013-football-is-coming-hoam\/\">Champions League-Endspiel 2013<\/a> stattfinden wird&#8230;<\/p>\n<p>Aber warum Neapel? In Neapel war ich schon einmal. Das ist aber \u00fcber 25 Jahre her. Und seitdem wollte ich mal wieder dorthin. Aus beruflichen Gr\u00fcnden sind ausgedehnte Reisen im Juli 2013 nicht m\u00f6glich. Aber da das Neapel-Konzert an einem Sonntag ist, w\u00fcrde sich das Ziel hervorragend f\u00fcr ein (verl\u00e4ngertes) Wochenende eignen.<\/p>\n<p>Gr\u00fcnde f\u00fcr die beiden Knopfler-Konzerte gab es also genug. Noch ein bisschen \u00dcberzeugungsarbeit. Dann sind die Tickets f\u00fcr die beiden Konzerte gekauft. Und kurz darauf auch entsprechende Fl\u00fcge gebucht.<\/p>\n<p>Das London-Wochenende im Mai 2013 wird einzigartig. Der Zufall will es, dass am Anreisetag, dem Freitag (vor dem oben genannten Montag), Eric Clapton in der Royal Albert Hall spielt und ich auch noch Tickets daf\u00fcr bekomme (wenn auch sehr ungew\u00f6hnliche).<\/p>\n<p><div id=\"attachment_2212\" style=\"width: 1010px\" class=\"wp-caption aligncenter\"><img loading=\"lazy\" decoding=\"async\" aria-describedby=\"caption-attachment-2212\" src=\"https:\/\/www.erde-in-bildern.de\/reiseblog\/wp-content\/uploads\/2013\/08\/rah_ec_2013.jpg\" alt=\"Royal Albert Hall London\" width=\"1000\" height=\"282\" class=\"size-medium wp-image-2212\" \/><p id=\"caption-attachment-2212\" class=\"wp-caption-text\">Royal Albert Hall London<\/p><\/div><br \/>\n<div id=\"attachment_2213\" style=\"width: 1010px\" class=\"wp-caption aligncenter\"><img loading=\"lazy\" decoding=\"async\" aria-describedby=\"caption-attachment-2213\" src=\"https:\/\/www.erde-in-bildern.de\/reiseblog\/wp-content\/uploads\/2013\/08\/1300975.jpg\" alt=\"Royal Albert Hall London: Eric Clapton\" width=\"1000\" height=\"360\" class=\"size-medium wp-image-2213\" \/><p id=\"caption-attachment-2213\" class=\"wp-caption-text\">Royal Albert Hall London: Eric Clapton<\/p><\/div><br \/>\n<div id=\"attachment_2214\" style=\"width: 1010px\" class=\"wp-caption aligncenter\"><img loading=\"lazy\" decoding=\"async\" aria-describedby=\"caption-attachment-2214\" src=\"https:\/\/www.erde-in-bildern.de\/reiseblog\/wp-content\/uploads\/2013\/08\/1301280.jpg\" alt=\"Royal Albert Hall London: Mark Knopfler\" width=\"1000\" height=\"361\" class=\"size-medium wp-image-2214\" \/><p id=\"caption-attachment-2214\" class=\"wp-caption-text\">Royal Albert Hall London: Mark Knopfler<\/p><\/div><\/p>\n<p>Und dann ist da ja auch noch DER Samstag zwischen <a href=\"https:\/\/www.juergen-reichmann.de\/welt\/musik\/eric_clapton\/73537702\/\">EC&#8217;s Auftritt am Freitagabend<\/a> und <a href=\"https:\/\/www.juergen-reichmann.de\/welt\/musik\/direstraits\/73538004\/\">MK&#8217;s Konzert am Montagabend<\/a>. Nach 2010 in Madrid und 2012 dahoam das 3. <a href=\"https:\/\/www.juergen-reichmann.de\/welt\/sport\/cl_finale_2013_1\/1301473\/\">Champions League-Endspiel des FC Bayern M\u00fcnchen<\/a> innerhalb k\u00fcrzester Zeit.<\/p>\n<div id=\"attachment_2215\" style=\"width: 1010px\" class=\"wp-caption aligncenter\"><img loading=\"lazy\" decoding=\"async\" aria-describedby=\"caption-attachment-2215\" src=\"https:\/\/www.erde-in-bildern.de\/reiseblog\/wp-content\/uploads\/2013\/08\/1301473.jpg\" alt=\"Wembley-Stadion London\" width=\"1000\" height=\"399\" class=\"size-medium wp-image-2215\" \/><p id=\"caption-attachment-2215\" class=\"wp-caption-text\">Wembley-Stadion London<\/p><\/div>\n<p>Anfang Juli geht es dann in den S\u00fcden Italiens. 4 Tage, 3 N\u00e4chte am Golf von Neapel. Um auch die Umgebung Neapels erkunden zu k\u00f6nnen habe ich f\u00fcr die erste Zeit ein Mietwagen. Mit diesem geht es als erstes in das westlich von Neapel gelegene <a href=\"https:\/\/www.juergen-reichmann.de\/europa\/i\/kampanien_pozzuoli\/1305621\/\">Pozzuoli<\/a>, das neben einigen r\u00f6mischen Ausgrabungen die Phlegr\u00e4ischen Felder als Sehensw\u00fcrdigkeit bietet.<\/p>\n<div id=\"attachment_2246\" style=\"width: 1010px\" class=\"wp-caption aligncenter\"><img loading=\"lazy\" decoding=\"async\" aria-describedby=\"caption-attachment-2246\" src=\"https:\/\/www.erde-in-bildern.de\/reiseblog\/wp-content\/uploads\/2013\/09\/5dii_2013_01_8125.jpg\" alt=\"Amphitheater Pozzuoli\" width=\"1000\" height=\"358\" class=\"size-medium wp-image-2246\" \/><p id=\"caption-attachment-2246\" class=\"wp-caption-text\">Amphitheater Pozzuoli<\/p><\/div>\n<p>Die Phlegr\u00e4ischen Felder sind ein \u00fcber 150 Quadratkilometer gro\u00dfes Gebiet erh\u00f6hter vulkanischer T\u00e4tigkeit, sehr gut zu besichtigen im Krater des Vulkans Solfatara. Dort treten an mehreren Stellen hei\u00dfe D\u00e4mpfe aus dem Erdinnern, an anderen Stellen blubbert es und \u00fcber allem liegt ein penetranter Schwefelgeruch (nichtsdestotrotz liegt innerhalb dieses Kraters ein Campingplatz).<\/p>\n<div id=\"attachment_2247\" style=\"width: 1010px\" class=\"wp-caption aligncenter\"><img loading=\"lazy\" decoding=\"async\" aria-describedby=\"caption-attachment-2247\" src=\"https:\/\/www.erde-in-bildern.de\/reiseblog\/wp-content\/uploads\/2013\/09\/5dii_2013_01_8144.jpg\" alt=\"Solfatara\" width=\"1000\" height=\"324\" class=\"size-medium wp-image-2247\" \/><p id=\"caption-attachment-2247\" class=\"wp-caption-text\">Solfatara<\/p><\/div>\n<p>Der bekannteste Vulkan am Golf von Neapel ist allerdings nicht die Solfatara sondern der <a href=\"https:\/\/www.juergen-reichmann.de\/europa\/i\/kampanien_vesuv\/1305721\/\">Vesuv<\/a>. Und dieser ist das erste Ziel unseres zweiten Tages. Aufgrund l\u00e4ngerer n\u00e4chtlicher Probleme mit der T\u00fcr unseres Hotelzimmers (wieder einmal versagte die Technik des elektronischen Schlosses) kommen wir am Parkplatz unterhalb des Vesuvgipfels sp\u00e4ter an als geplant.<\/p>\n<div id=\"attachment_2216\" style=\"width: 1010px\" class=\"wp-caption aligncenter\"><img loading=\"lazy\" decoding=\"async\" aria-describedby=\"caption-attachment-2216\" src=\"https:\/\/www.erde-in-bildern.de\/reiseblog\/wp-content\/uploads\/2013\/08\/1305811.jpg\" alt=\"Vesuv\" width=\"1000\" height=\"319\" class=\"size-medium wp-image-2216\" \/><p id=\"caption-attachment-2216\" class=\"wp-caption-text\">Vesuv<\/p><\/div>\n<p>Bei gut 30 Grad im Schatten geht es hoch zum Kraterrand. Schatten gibt es in der baumlosen Landschaft allerdings nicht. Der Blick in den Kraterschlund ist faszinierend, der Blick auf die Bucht von Neapel &#8211; am Fu\u00dfe des Vesuvs gelegen &#8211; aber durch Wolken meist stark eingeschr\u00e4nkt.<\/p>\n<p>Der Vesuv ist ein aktiver Vulkan, auch wenn sein bekanntester Ausbruch &#8211; die sog. Pompeji-Eruption &#8211; schon fast 2000 Jahre zur\u00fcckliegt. Und genau dieses <a href=\"https:\/\/www.juergen-reichmann.de\/europa\/i\/pompeji\/1305821\/\">Pompeji<\/a>, das mit dem Vesuvausbruch im Jahr 79 n. Chr. untergegangen ist, besuchen wir am Nachmittag des gleichen Tages. Die versch\u00fcttete Stadt geriet f\u00fcr Jahrhunderte in Vergessenheit, erst im 18. Jahrhundert wurde sie wiederentdeckt.<\/p>\n<div id=\"attachment_2248\" style=\"width: 1010px\" class=\"wp-caption aligncenter\"><img loading=\"lazy\" decoding=\"async\" aria-describedby=\"caption-attachment-2248\" src=\"https:\/\/www.erde-in-bildern.de\/reiseblog\/wp-content\/uploads\/2013\/09\/5dii_2013_01_8412.jpg\" alt=\"Pompeji - im Hintergrund der Vesuv\" width=\"1000\" height=\"367\" class=\"size-medium wp-image-2248\" \/><p id=\"caption-attachment-2248\" class=\"wp-caption-text\">Pompeji &#8211; im Hintergrund der Vesuv<\/p><\/div>\n<p>Ein fast immer leicht wehender Wind macht die Tour durch die Ruinen &#8211; trotz der hei\u00dfen Temperaturen &#8211; ertr\u00e4glich. Die in den Medien oft kolportierte Verwahrlosung Pompejis kann ich aber nicht feststellen, sowohl f\u00fcr den Zufluss als auch f\u00fcr den Abfluss von Fl\u00fcssigkeiten ist gesorgt.<\/p>\n<p>Die meist besuchte Sehensw\u00fcrdigkeit in <a href=\"https:\/\/www.juergen-reichmann.de\/europa\/i\/kampanien_pompei\/1305911\/\">Pompei<\/a> ist allerdings nicht, wie ich gedacht hatte, das r\u00f6mische Pompeji, sondern das &#8222;Heiligtum Unserer Lieben Frau vom Rosenkranz&#8220; (Santuario della Beata Vergine del Rosario), eine r\u00f6misch-katholische Marien-Wallfahrtskirche, die j\u00e4hrlich von \u00fcber vier Millionen Pilgern besucht wird. Mit einem Besuch diese Kathedrale &#8211; sie steht im Range einer Papstbasilika &#8211; starten wir unseren dritten Reisetag.<\/p>\n<div id=\"attachment_2249\" style=\"width: 1010px\" class=\"wp-caption aligncenter\"><img loading=\"lazy\" decoding=\"async\" aria-describedby=\"caption-attachment-2249\" src=\"https:\/\/www.erde-in-bildern.de\/reiseblog\/wp-content\/uploads\/2013\/09\/5dii_2013_01_8504.jpg\" alt=\"Heiligtum Unserer Lieben Frau vom Rosenkranz in Pompei\" width=\"1000\" height=\"390\" class=\"size-medium wp-image-2249\" \/><p id=\"caption-attachment-2249\" class=\"wp-caption-text\">Heiligtum Unserer Lieben Frau vom Rosenkranz in Pompei<\/p><\/div>\n<p>Zeit f\u00fcr Herculaneum bleibt leider nicht mehr, denn wir m\u00fcssen unseren Mietwagen vor 12 Uhr am Flughafen Neapel abgeben. Davor gilt es noch das Tankproblem zu l\u00f6sen, M\u00f6glichkeit 1 besteht darin das Auto nicht vollgetankt abzugeben, dann muss ich den kompletten ersten Tankinhalt bezahlen. Eine schlechte Option, denn daf\u00fcr haben wir viel zu wenig verbraucht. M\u00f6glichkeit 2 ist selbst vollzutanken.<\/p>\n<p>Kurz vor dem Flughafen von Neapel erblicken wir eine offene Esso-Tankstelle. Nachdem uns der Tankwart vollgetankt hat, gehe ich mit ihm ins Kassenh\u00e4uschen und reiche ihm einen 50-Euro-Schein. Er nimmt ihn, blubbert aber st\u00e4ndig von &#8222;Carta, Carta&#8220;. Ich vermute, er will, dass ich stattdessen mit Kreditkarte zahle. Warum das denn? Er hat doch 50 Euro. Und die m\u00fcssen doch f\u00fcr die paar Liter sicher reichen. Er l\u00e4sst nicht locker. Und will den 50-Euro-Schein aber auch nicht annehmen. Ich frage, was es denn jetzt kosten w\u00fcrde? Er deutet auf ein Display, dass einen Meter weg steht, noch dazu leicht durch eine Pflanze verdeckt ist. Dort steht ein Betrag von knapp unter 30 Euro.<\/p>\n<div id=\"attachment_2217\" style=\"width: 1010px\" class=\"wp-caption aligncenter\"><img loading=\"lazy\" decoding=\"async\" aria-describedby=\"caption-attachment-2217\" src=\"https:\/\/www.erde-in-bildern.de\/reiseblog\/wp-content\/uploads\/2013\/08\/1305241.jpg\" alt=\"Esso-Tankstelle Neapel\" width=\"1000\" height=\"235\" class=\"size-medium wp-image-2217\" \/><p id=\"caption-attachment-2217\" class=\"wp-caption-text\">Esso-Tankstelle Neapel<\/p><\/div>\n<p>Um so weniger verstehe ich, warum er nicht meinen 50-Euro-Schein annehmen will. Ich kratze 30 Euro in kleineren Scheinen zusammen und gebe ihm diese. Er gibt mir meinen 50-Euro-Schein zur\u00fcck. Das denke ich zumindest.<\/p>\n<p>Noch auf den wenigen Metern von der Tankstelle zum Flughafen werde ich stutzig. Ich schaue mir den zur\u00fcckgegebenen 50-Euro-Schein noch einmal an. Und merke sofort, dass ist nicht meiner. Nicht, dass ich meine Geldscheine auswendig kennen w\u00fcrde, nein, aber dieser war nicht der Schein, den ich vor kurzem dem Tankwart gegen hatte. Denn der Schein, den ich jetzt hatte, das war Falschgeld.<\/p>\n<p>Was tun? Wir entschlie\u00dfen uns zur Polizei zu gehen. Das sollte ja am internationalen Flughafen der Millionenstadt Neapel kein Problem sein. Also, noch kurz den Mietwagen abgegeben, dann die Polizeistation gesucht. Und gefunden. Dort angekommen macht uns der anwesende Polizist klar, dass er weder Deutsch noch Englisch spr\u00e4che. Und mit dem falschen Fuffziger, dem ich zeige, auch nichts anzufangen wei\u00df.<\/p>\n<p>So schnell gebe ich nicht auf. Ich bin ja auch ziemlich sauer, so dreist \u00fcbers Ohr gehauen worden zu sein. Und jetzt interessiert sich der Polizist in der Polizeistation des internationalen Flughafens der drittgr\u00f6\u00dften Stadt Italiens nicht daf\u00fcr? Irgendwann steht er dann doch auf und wir gehen gemeinsam zu einem Flughafenschalter, an dem eine Angestellte Englisch spricht. Sie \u00fcbersetzt ihm meine Geschichte. W\u00e4hrenddessen kommen noch mehr Flughafenangestellte hinzu. Sie alle begutachten den Geldschein und sind &#8211; mit einer Ausnahme &#8211; auch einig, dass dieser Schein falsch ist. Nur einen interessiert das alles gar nicht mehr. Der Polizist ist schon wieder weg. Auf meinen fragenden Blick in die Runde der Flughafenangestellten, bekomme ich nur eine Antwort: &#8222;Italia! Italia!&#8220;<\/p>\n<div id=\"attachment_2219\" style=\"width: 1010px\" class=\"wp-caption aligncenter\"><img loading=\"lazy\" decoding=\"async\" aria-describedby=\"caption-attachment-2219\" src=\"https:\/\/www.erde-in-bildern.de\/reiseblog\/wp-content\/uploads\/2013\/08\/1305247a.jpg\" alt=\"Echt und falsch\" width=\"1000\" height=\"486\" class=\"size-medium wp-image-2219\" \/><p id=\"caption-attachment-2219\" class=\"wp-caption-text\">Echt und falsch<\/p><\/div>\n<p>Ohne einen weiteren Versuch den falschen Schein in italienische Polizeih\u00e4nde zu geben packe ich den falschen Fuffziger ein und nehme ihn mit nach Hause, wo er seinen Weg zum bayerischen Landeskriminalamt findet.<\/p>\n<p>Vor dem R\u00fcckflug bleibt aber noch Zeit <a href=\"https:\/\/www.juergen-reichmann.de\/europa\/i\/kampanien_neapel1\/1305259\/\">Neapel<\/a> kennenzulernen. Und nat\u00fcrlich Mark Knopfler live zu sehen! Neapel ist eine verr\u00fcckte Stadt. Sie ist das Zentrum einer Metropolregion von drei, vier Millionen Einwohnern. Und hat &#8211; das ist richtig sp\u00fcrbar &#8211; eine hohe Bev\u00f6lkerungsdichte, \u00fcber 8000 Einwohnern pro Quadratkilometer. In Rom &#8211; zum Vergleich &#8211; leben &#8222;nur&#8220; etwa 2000 Einwohner auf einem Quadratkilometer. Aber mir gef\u00e4llt Neapel.<\/p>\n<div id=\"attachment_2251\" style=\"width: 1010px\" class=\"wp-caption aligncenter\"><img loading=\"lazy\" decoding=\"async\" aria-describedby=\"caption-attachment-2251\" src=\"https:\/\/www.erde-in-bildern.de\/reiseblog\/wp-content\/uploads\/2013\/09\/5dii_2013_01_8685.jpg\" alt=\"Neapel, Golf von Neapel, Vesuv\" width=\"1000\" height=\"337\" class=\"size-medium wp-image-2251\" \/><p id=\"caption-attachment-2251\" class=\"wp-caption-text\">Neapel, Golf von Neapel, Vesuv<\/p><\/div>\n<p>Urspr\u00fcnglich sollte <a href=\"https:\/\/www.juergen-reichmann.de\/welt\/musik\/direstraits\/73542806\/\">Mark Knopfler<\/a> auf der Piazza del Plebescito in der Altstadt Neapels auftreten. Da es sich um einen \u00f6ffentlichen Platz handelt, kam ein Politiker der Stadt auf die Idee, kostenlosen Eintritt f\u00fcr das Konzert zu fordern. Das Management von Mark Knopfler war wohl dar\u00fcber nicht so gl\u00fccklich und beschloss den Veranstaltungsort zu wechseln. Statt mitten in der Altstadt fand das Konzert nun in der Arena Flegrea statt, einer Freilichtb\u00fchne am Rande der Stadt. Eigentlich eine sch\u00f6ne Veranstaltungsst\u00e4tte. Aber nicht f\u00fcr Rockkonzerte. Denn zwischen der B\u00fchne und dem Publikum befindet sich ein riesiger Graben &#8211; gedacht f\u00fcr ein komplettes Orchester bei Opernauff\u00fchrungen.<\/p>\n<div id=\"attachment_2220\" style=\"width: 1010px\" class=\"wp-caption aligncenter\"><img loading=\"lazy\" decoding=\"async\" aria-describedby=\"caption-attachment-2220\" src=\"https:\/\/www.erde-in-bildern.de\/reiseblog\/wp-content\/uploads\/2013\/08\/1305209.jpg\" alt=\"Arena Flegrea Neapel\" width=\"1000\" height=\"366\" class=\"size-medium wp-image-2220\" \/><p id=\"caption-attachment-2220\" class=\"wp-caption-text\">Arena Flegrea Neapel<\/p><\/div>\n<p>Open Airs beginnen in Italien sehr sp\u00e4t, in Mark Knopflers Fall um halb 10 abends. Zur Arena Flegrea zu kommen war kein Problem. Am fr\u00fchen Abend fuhren Vorortz\u00fcge dort hin. Kurz vor Mitternacht aber, d.h. nach Konzertende, gibt es keinen \u00f6ffentlichen Nahverkehr mehr.<\/p>\n<div id=\"attachment_2221\" style=\"width: 1010px\" class=\"wp-caption aligncenter\"><img loading=\"lazy\" decoding=\"async\" aria-describedby=\"caption-attachment-2221\" src=\"https:\/\/www.erde-in-bildern.de\/reiseblog\/wp-content\/uploads\/2013\/08\/1305234.jpg\" alt=\"Arena Flegrea Neapel: Mark Knopfler\" width=\"1000\" height=\"241\" class=\"size-medium wp-image-2221\" \/><p id=\"caption-attachment-2221\" class=\"wp-caption-text\">Arena Flegrea Neapel: Mark Knopfler<\/p><\/div>\n<p>Aber wozu gibt es Taxis? Die Fahrpreisverhandlungen gestalten sich kurz. 40 Euro. Stand so auf der Liste des Taxifahrers. Und an diese Liste glaubte er. Die Alternativen waren nicht reichlich. Ok, besser als in einem dunklen Vorort Neapels umherzulaufen.<\/p>\n<p>Weniger dunkel ist zu diesem Zeitpunkt die Innenstadt Neapels, in die es mit dem Taxi zur\u00fcckgehen soll. Zur mittern\u00e4chtlichen Stunde herrscht dort ein Treiben wie bei uns zur abendlichen Rushhour. Von dem Treiben habe ich allerdings nicht viel mitbekommen. Denn ich erlebe die Taxifahrt meines Lebens.<\/p>\n<div id=\"attachment_1206\" style=\"width: 1010px\" class=\"wp-caption aligncenter\"><iframe loading=\"lazy\" src=\"https:\/\/www.erde-in-bildern.de\/reiseblog_extras\/rb_neapel_taxi.html\" width=\"100%\" height=\"630\" name=\"Taxi Neapel\" marginheight=\"0\" marginwidth=\"0\" frameborder=\"0\" scrolling=\"no\"><\/iframe><p id=\"caption-attachment-1206\" class=\"wp-caption-text\">Taxi in Neapel.<br \/><em>Oben die Fahrstrecke von der Arena Flegrea zum Hotel. Unten das Geschwindigkeitsprofil. Die flachen Abschnitte sind Tunneldurchfahrten, in denen kein GPS-Signal vorhanden war, links die Galleria di Posillipo, rechts der Tunnel della Vittoria.<br \/>Die Darstellung erfolgt mit Hilfe des GPX Viewer-Scripts von J\u00fcrgen Berkemeier.<\/em><\/p><\/div>\n<p>Rote Ampeln? Warum anhalten. Zebrastreifen mit Menschen darauf? Eine L\u00fccke findet sich. Stockender Verkehr? Daf\u00fcr gibt es doch Abk\u00fcrzungen \u00fcber Parkpl\u00e4tze, Fu\u00dfg\u00e4ngerwege, Nebenstra\u00dfen oder notfalls auch die Gegenfahrbahn &#8211; letzteres besonders beliebt bei den Fahrten durch die Tunnel. Geschwindigkeitsbeschr\u00e4nkungen? Kann man beim Vorbeirasen ja nicht wirklich erkennen. Nur einmal kommt unser Fahrer kurz ins Gr\u00fcbeln. Die letzten Meter zu unserem Hotel &#8222;versperrt&#8220; eine Einbahnstra\u00dfe. Er findet daf\u00fcr das Wort &#8222;Problem&#8220;. Aber, wie geschrieben, das Gr\u00fcbeln war kurz&#8230;<\/p>\n<p>Wir sind nicht die einzigen mit interessanten Nach-<a href=\"https:\/\/www.juergen-reichmann.de\/welt\/musik\/direstraits\/73542806\/\">Mark-Knopfler-in-Neapel<\/a>-Taxi-Fahrten. Isaac &#8211; ein Blogger, der nicht nur wie ich zwei Konzerte von Mark Knopflers <em>Privateering<\/em>-Tour besucht, sondern alle! &#8211; schreibt dazu in seinem <a href=\"https:\/\/p.isaac.shabtay.com\/2013\/07\/rome-to-napoli-italy-july-14-2013.html\">Blog<\/a> folgendes:<\/p>\n<blockquote><p>The ride to the hotel was one of the scariest taxi rides I took in my entire life. I would never drive in Napoli. People here drive like complete and utter idiots. Sort of like Istanbul: you can never anticipate who\u2019s going to do what. You can\u2019t take anything for granted.<\/p>\n<p>The drive took about 10 minutes but it felt like forever. I was sure we\u2019re going to end up in a hospital somewhere: insane drivers. Luckily, got back to the hotel safely.<\/p>\n<p style=\"text-align: right;\">Quelle: <a href=\"https:\/\/p.isaac.shabtay.com\/2013\/07\/rome-to-napoli-italy-july-14-2013.html\">Isaac\u2019s \u201cPrivateering\u201d Tour Blog<\/a><\/p>\n<\/blockquote>\n<p>Nach einem weiteren Spaziergang durch die <a href=\"https:\/\/www.juergen-reichmann.de\/europa\/i\/kampanien_neapel3\/1305304\/\">Altstadt Neapels<\/a> am Morgen des vierten Reisetages geht es ohne Taxi und Mietwagen, sondern mit einem \u00f6ffentlichen Bus zum Flughafen Neapels. Und von dort zur\u00fcck nach Hause.<\/p>\n<p><a href=\"https:\/\/www.juergen-reichmann.de\/europa\/i\/\">Italien<\/a> im Sommer 2013 ist damit aber noch nicht zu Ende. Der Anlass f\u00fcr weitere Reisen in den S\u00fcden sind weitere Rockkonzerte. <a href=\"https:\/\/www.juergen-reichmann.de\/welt\/musik\/purple\/73543604\/\">Deep Purple in Rom<\/a>. Noch dazu an einem <a href=\"https:\/\/www.erde-in-bildern.de\/reiseblog\/allgemein\/gustav-hertz-otto-waalkes-franka-potente\/\">22. Juli<\/a>. Und <a href=\"https:\/\/www.juergen-reichmann.de\/welt\/musik\/robbie_williams\/73544501\/\">Robbie Williams<\/a> steht am 31. Juli in Mailand auf der B\u00fchne des San-Siro-Stadions.<\/p>\n<div id=\"attachment_2192\" style=\"width: 1010px\" class=\"wp-caption aligncenter\"><img loading=\"lazy\" decoding=\"async\" aria-describedby=\"caption-attachment-2192\" src=\"https:\/\/www.erde-in-bildern.de\/reiseblog\/wp-content\/uploads\/2013\/07\/1306325z0.jpg\" alt=\"Ippodromo delle Capannelle (Rock in Roma): Deep Purple\" width=\"1000\" height=\"281\" class=\"size-medium wp-image-2192\" \/><p id=\"caption-attachment-2192\" class=\"wp-caption-text\">Ippodromo delle Capannelle (Rock in Roma): Deep Purple<\/p><\/div>\n<div id=\"attachment_2224\" style=\"width: 1010px\" class=\"wp-caption aligncenter\"><img loading=\"lazy\" decoding=\"async\" aria-describedby=\"caption-attachment-2224\" src=\"https:\/\/www.erde-in-bildern.de\/reiseblog\/wp-content\/uploads\/2013\/08\/1307428.jpg\" alt=\"San Siro Mailand: Robbie Williams\" width=\"1000\" height=\"424\" class=\"size-medium wp-image-2224\" \/><p id=\"caption-attachment-2224\" class=\"wp-caption-text\">San Siro Mailand: Robbie Williams<\/p><\/div>\n<p>Juli und August sind nicht die idealen Reisemonate f\u00fcr <a href=\"https:\/\/www.juergen-reichmann.de\/europa\/i\/\">Italien<\/a>. Gibt es aber einen Anlass &#8211; wie es die drei Konzerte waren &#8211; und passt man sich den Verh\u00e4ltnissen &#8211; gut beschrieben mit dem spanischen Begriff Siesta &#8211; an, dann kann man das Land auch im Sommer gut bereisen. Und lange laue Sommerabende sind ja etwas ganz besonders Sch\u00f6nes.<\/p>\n","protected":false},"excerpt":{"rendered":"<p>&#8222;Italia! Italia!&#8220; Diese Worte h\u00f6re ich nicht von begeisterten Fans in einem Fu\u00dfballstadion, sondern von Leuten, die auf die eine oder andere Weise auf dem Flughafen von Neapel arbeiten. Und wirklich begeistert sind sie auch nicht. Was ist passiert? Die lange Version? Ok, warum nicht \ud83d\ude42 Im August 2012 k\u00fcndigt Mark Knopfler seine Privateering-Tour mit [&hellip;]<\/p>\n","protected":false},"author":2,"featured_media":0,"comment_status":"open","ping_status":"open","sticky":false,"template":"","format":"standard","meta":{"footnotes":""},"categories":[1,272],"tags":[355,380,88,383,74,122,160,509,79,513,511,75,512,514,510,515],"class_list":["post-2207","post","type-post","status-publish","format-standard","hentry","category-allgemein","category-musik","tag-deep-purple","tag-fc-bayern-munchen","tag-italien","tag-konzert","tag-london","tag-mailand","tag-mark-knopfler","tag-neapel","tag-pompeji","tag-pozzuoli","tag-robbie-williams","tag-rom","tag-san-siro","tag-solfatara","tag-vesuv","tag-vulkan"],"_links":{"self":[{"href":"https:\/\/www.erde-in-bildern.de\/reiseblog\/wp-json\/wp\/v2\/posts\/2207","targetHints":{"allow":["GET"]}}],"collection":[{"href":"https:\/\/www.erde-in-bildern.de\/reiseblog\/wp-json\/wp\/v2\/posts"}],"about":[{"href":"https:\/\/www.erde-in-bildern.de\/reiseblog\/wp-json\/wp\/v2\/types\/post"}],"author":[{"embeddable":true,"href":"https:\/\/www.erde-in-bildern.de\/reiseblog\/wp-json\/wp\/v2\/users\/2"}],"replies":[{"embeddable":true,"href":"https:\/\/www.erde-in-bildern.de\/reiseblog\/wp-json\/wp\/v2\/comments?post=2207"}],"version-history":[{"count":47,"href":"https:\/\/www.erde-in-bildern.de\/reiseblog\/wp-json\/wp\/v2\/posts\/2207\/revisions"}],"predecessor-version":[{"id":3219,"href":"https:\/\/www.erde-in-bildern.de\/reiseblog\/wp-json\/wp\/v2\/posts\/2207\/revisions\/3219"}],"wp:attachment":[{"href":"https:\/\/www.erde-in-bildern.de\/reiseblog\/wp-json\/wp\/v2\/media?parent=2207"}],"wp:term":[{"taxonomy":"category","embeddable":true,"href":"https:\/\/www.erde-in-bildern.de\/reiseblog\/wp-json\/wp\/v2\/categories?post=2207"},{"taxonomy":"post_tag","embeddable":true,"href":"https:\/\/www.erde-in-bildern.de\/reiseblog\/wp-json\/wp\/v2\/tags?post=2207"}],"curies":[{"name":"wp","href":"https:\/\/api.w.org\/{rel}","templated":true}]}}