{"id":2029,"date":"2013-04-16T17:56:11","date_gmt":"2013-04-16T15:56:11","guid":{"rendered":"http:\/\/www.erde-in-bildern.de\/reiseblog\/?p=2029"},"modified":"2013-04-25T00:28:48","modified_gmt":"2013-04-24T22:28:48","slug":"avis-und-ich-der-kunde","status":"publish","type":"post","link":"https:\/\/www.erde-in-bildern.de\/reiseblog\/allgemein\/avis-und-ich-der-kunde\/","title":{"rendered":"Avis und ich, der Kunde"},"content":{"rendered":"<p><strong>08.11.12<\/strong><\/p>\n<p>Schon in einem der <a href=\"http:\/\/www.erde-in-bildern.de\/reiseblog\/allgemein\/down-under-2-zwei-inseln-und-ein-ausflug\/\">Australien-Berichte<\/a> hatte ich den vielfachen \u00c4rger mit der Mietwagenverleihfirma <strong>Avis<\/strong> schon erw\u00e4hnt. \u00dcber die ganze Geschichte &#8211; und deren augenblickliches Ende durch Totschweigen &#8211; m\u00f6chte ich hier berichten.<\/p>\n<p>Kurz vor dem Abflug nach Australien m\u00f6chte ich einen Mietwagen buchen. Ich brauche das Auto nicht in einem der gro\u00dfen Orte Australiens, sondern in Hervey Bay, einer kleinen Stadt im S\u00fcden Queenslands. Meine erste Wahl f\u00fcr Mietwagen-Buchungen &#8211; die ADAC-Webseite &#8211; kann mir &#8211; aus welchen Gr\u00fcnden auch immer &#8211; kein Angebot machen. Kein Problem. Ich klappere die bekannten Mietwagenfirmen im Internet ab. Und entscheide mich f\u00fcr Avis, denn sie haben &#8211; wie man auf dem Screenshot ihrer Webseite sehen kann &#8211; umfangreiche \u00d6ffnungszeiten in Hervey Bay. Ein wichtiger Grund, insbesondere dann, wenn man nicht ganz genau wei\u00df, wann man ab Abholort sein wird.<\/p>\n<div id=\"attachment_1893\" style=\"width: 610px\" class=\"wp-caption aligncenter\"><img loading=\"lazy\" decoding=\"async\" aria-describedby=\"caption-attachment-1893\" src=\"http:\/\/www.erde-in-bildern.de\/reiseblog\/wp-content\/uploads\/2013\/01\/avis_hvb-600x502.jpg\" alt=\"Avis-Webseite\" width=\"600\" height=\"502\" class=\"size-medium wp-image-1893\" srcset=\"https:\/\/www.erde-in-bildern.de\/reiseblog\/wp-content\/uploads\/2013\/01\/avis_hvb-600x502.jpg 600w, https:\/\/www.erde-in-bildern.de\/reiseblog\/wp-content\/uploads\/2013\/01\/avis_hvb.jpg 626w\" sizes=\"auto, (max-width: 600px) 100vw, 600px\" \/><p id=\"caption-attachment-1893\" class=\"wp-caption-text\">Avis-Webseite<\/p><\/div>\n<p>In der Buchungsbest\u00e4tigung von Avis wird die von mir gew\u00fcnschte Abholzeit (15:30 Uhr) &#8211; zusammen mit den \u00d6ffnungszeiten am Tag der Abholung und dem Tag der R\u00fcckgabe &#8211; best\u00e4tigt:<\/p>\n<div id=\"attachment_2034\" style=\"width: 610px\" class=\"wp-caption aligncenter\"><img loading=\"lazy\" decoding=\"async\" aria-describedby=\"caption-attachment-2034\" src=\"http:\/\/www.erde-in-bildern.de\/reiseblog\/wp-content\/uploads\/2013\/03\/avis-buchungsbest\u00e4tigung1-600x260.jpg\" alt=\"AVIS Buchungsbest\u00e4tigung 1\" width=\"600\" height=\"260\" class=\"size-medium wp-image-2034\" srcset=\"https:\/\/www.erde-in-bildern.de\/reiseblog\/wp-content\/uploads\/2013\/03\/avis-buchungsbest\u00e4tigung1-600x260.jpg 600w, https:\/\/www.erde-in-bildern.de\/reiseblog\/wp-content\/uploads\/2013\/03\/avis-buchungsbest\u00e4tigung1.jpg 781w\" sizes=\"auto, (max-width: 600px) 100vw, 600px\" \/><p id=\"caption-attachment-2034\" class=\"wp-caption-text\">AVIS Buchungsbest\u00e4tigung 1<\/p><\/div>\n<p>Des weiteren finden sich folgende Bemerkungen in der Buchungsbest\u00e4tigung (warum ich dies hier extra erw\u00e4hne, wird sp\u00e4ter ersichtlich, denn dann will <strong>avis.de<\/strong> nichts mehr mit der Buchung zu tun haben):<\/p>\n<blockquote><p>\n&#8230;<br \/>\nBitte beachten Sie die allgemeinen Buchungsbedingungen unter www.<strong>avis.de<\/strong>, in denen Sie genaue Angaben zum Stornierungsverfahren finden.<br \/>\n&#8230;<br \/>\nBitte beachten Sie die allgemeinen Buchungsbedingungen unter www.<strong>avis.de<\/strong>, hier finden Sie genaue Angaben zur \u00c4nderung Ihrer Buchung.<br \/>\n&#8230;<br \/>\nWenn Sie Fragen zu einer Buchung haben, besuchen Sie bitte http:\/\/www<strong>.avis.de<\/strong>\/Kundenservice oder rufen Sie uns unter&#8230;\n<\/p><\/blockquote>\n<p>Die Buchungsbest\u00e4tigung endet folgenderma\u00dfen:<\/p>\n<div id=\"attachment_2033\" style=\"width: 610px\" class=\"wp-caption aligncenter\"><img loading=\"lazy\" decoding=\"async\" aria-describedby=\"caption-attachment-2033\" src=\"http:\/\/www.erde-in-bildern.de\/reiseblog\/wp-content\/uploads\/2013\/03\/avis-buchungsbest\u00e4tigung2-600x152.jpg\" alt=\"AVIS Buchungsbest\u00e4tigung 2\" width=\"600\" height=\"152\" class=\"size-medium wp-image-2033\" srcset=\"https:\/\/www.erde-in-bildern.de\/reiseblog\/wp-content\/uploads\/2013\/03\/avis-buchungsbest\u00e4tigung2-600x152.jpg 600w, https:\/\/www.erde-in-bildern.de\/reiseblog\/wp-content\/uploads\/2013\/03\/avis-buchungsbest\u00e4tigung2.jpg 759w\" sizes=\"auto, (max-width: 600px) 100vw, 600px\" \/><p id=\"caption-attachment-2033\" class=\"wp-caption-text\">AVIS Buchungsbest\u00e4tigung 2<\/p><\/div>\n<p>Vor Ort in Australien entscheide ich mich die Abholzeit noch einmal zu kl\u00e4ren. Ich rufe die Nummer der lokalen Avis-Station an und bekomme erkl\u00e4rt, dass nur jemand eine Stunde nach der Ankunft eines Flugzeuges an der Station sei (und auf keinen Fall eine Minute l\u00e4nger\u2026). Der Flughafen von Hervey Bay ist von eher kleinerer Natur, normalerweise kommen und gehen nur zweimal am Tag Flugzeuge, einmal um die Mittagszeit, ein zweites Mal am sp\u00e4teren Nachmittag. Die Angaben der Webseite stellen sich als schlichtweg falsch heraus.<\/p>\n<p><strong>25.11.12<\/strong><\/p>\n<p>Kurz vor Eintreffen der ersten Maschine machen die 5, 6 Mietwagenschalter am Flughafen Hervey Bay auf. Avis als letzter. Dann geht es aber erstaunlich schnell. Und wir sind mit dem Mietwagen unterwegs.<\/p>\n<p>Wir fahren nach Tin Can Bay, einem kleinen Ort im s\u00fcdlichen Queensland, finden dort ein Hotel und lassen auf dem dortigen Parkplatz das Fahrzeug bis zum n\u00e4chsten Morgen stehen.<\/p>\n<p><strong>26.11.12<\/strong><\/p>\n<p>Dieser n\u00e4chste Morgen hat eine \u00dcberraschung parat: Unser Mietwagen hat eine Schramme an der Vordersch\u00fcrze. Jemandem war unser Auto auf dem Parkplatz wohl im Weg gestanden&#8230; Wir melden den Vorfall einem Polizisten der lokalen Polizeistation, werden aber mit der Aussage, dass es sich um einen Bagatellschaden handelt, wieder weggeschickt.<\/p>\n<div id=\"attachment_2030\" style=\"width: 610px\" class=\"wp-caption aligncenter\"><img loading=\"lazy\" decoding=\"async\" aria-describedby=\"caption-attachment-2030\" src=\"http:\/\/www.erde-in-bildern.de\/reiseblog\/wp-content\/uploads\/2013\/03\/avis1-600x488.jpg\" alt=\"Avis-Mietwagen in Tin Can Bay, Australien\" width=\"600\" height=\"488\" class=\"size-medium wp-image-2030\" srcset=\"https:\/\/www.erde-in-bildern.de\/reiseblog\/wp-content\/uploads\/2013\/03\/avis1-600x488.jpg 600w, https:\/\/www.erde-in-bildern.de\/reiseblog\/wp-content\/uploads\/2013\/03\/avis1.jpg 840w\" sizes=\"auto, (max-width: 600px) 100vw, 600px\" \/><p id=\"caption-attachment-2030\" class=\"wp-caption-text\">Avis-Mietwagen in Tin Can Bay, Australien<\/p><\/div>\n<p>Ahnend, dass sich auch bei der Abgabe des Mietwagens kein Mitarbeiter am Schalter befinden w\u00fcrde, schreibe ich einen ausf\u00fchrlichen Unfallbericht auf das R\u00fcckgabeformular. Es n\u00fctzt nichts. Avis zieht mir den vollen Selbstbeteiligungsbetrag, immerhin 300 australische Dollar, bei der Abrechnung von meinem Konto ab. <\/p>\n<p><strong>02.12.12<\/strong><\/p>\n<p>Da ich keine Abrechnung vor Ort bekommen konnte &#8211; es war ja kein Mitarbeiter anwesend &#8211; nutze ich den Webservice von avis.de, mit dem die Rechnung angefordert werden kann. Schnell bekomme ich eine R\u00fcckmeldung von avis.CustomerService@avis.de:<\/p>\n<blockquote><p>\nVielen Dank f\u00fcr Ihre Anfrage.<br \/>\nSie erhalten von uns <strong>in K\u00fcrze<\/strong> Ihre Rechnungskopie per E-Mail zugeschickt.<br \/>\nIhre Avis Autovermietung\n<\/p><\/blockquote>\n<p>Nur bekomme ich keine Rechnungskopie. Zumindest nicht innerhalb des Zeitraumes, den ich gew\u00f6hnlich als &#8222;in K\u00fcrze&#8220; definiere.<\/p>\n<p><strong>04.12.12<\/strong><\/p>\n<p>Nach zwei Tagen frage ich beim Avis Customer Service nach:<\/p>\n<blockquote><p>Sehr geehrte Damen und Herren,<br \/>\nwas verstehen Sie unter &#8222;in K\u00fcrze&#8220;?<br \/>\nViele Gr\u00fc\u00dfe<br \/>\nJ\u00fcrgen Reichmann<\/p><\/blockquote>\n<p><strong>05.12.12<\/strong><\/p>\n<p>Schon einen weiteren Tag sp\u00e4ter (langsam bekomme ich ein Gef\u00fchl auf die Antwortzeiten von Avis&#8230;) bekomme ich folgende Mail:<\/p>\n<blockquote><p>\nNeu auf unserer Homepage: Online Mietwagenrechnung! Sie k\u00f6nnen sich Ihre Rechnung <strong>innerhalb von wenigen Sekunden<\/strong> auf unserer Homepage herunterladen. Gehen Sie bitte auf folgenden Link: http:\/\/www.avis.de\/Kundenservice\/Online-Mietwagenrechnung\n<\/p><\/blockquote>\n<p>Auf den Link kann ich verzichten, denn die Rechnung befindet sich als PDF-Datei im Anhang!<\/p>\n<p>Mit der Gesamtsituation &#8211; insbesondere mit dem Inhalt dieser Rechnung &#8211; durchaus unzufrieden schreibe ich eine Mail an meinen Automobilclub, den ADAC:<\/p>\n<blockquote><p>\nSehr geehrte Damen und Herren,<br \/>\nich miete meine Fahrzeuge &#8211; soweit m\u00f6glich &#8211; stets \u00fcber die ADAC-Autovermietung an, nicht zu letzt aufgrund des guten Leistungsangebots.<br \/>\nF\u00fcr meinen Australien-Urlaub ben\u00f6tigte ich zweimal einen Mietwagen, den ersten hatte ich vor l\u00e4ngerer Zeit auch \u00fcber den ADAC angemietet.<br \/>\nKurzfristig ben\u00f6tigte ich an einem zweiten Ort (Hervey Bay) auch noch ein Fahrzeug. Obwohl der Standort im ADAC-System vorhanden war, war eine Anmietung &#8211; sowohl \u00fcber die Webseite als auch telefonisch &#8211; nicht m\u00f6glich.<br \/>\nDeswegen buchte ich das Fahrzeug direkt \u00fcber die avis-Webseite. Neben Problemen bei der Abholung (die \u00d6ffnungszeiten entsprachen nicht ansatzweise den Angaben der avis-Webseite) ist folgendes geschehen:<br \/>\nIch habe den Wagen auf den Hotel-eigenen Parkplatz in Tin Can Bay am fr\u00fchen Nachmittag des 25.11.2012 abgestellt und bis zum n\u00e4chsten Morgen auch nicht mehr benutzt.<br \/>\nBeim Einsteigen ist mir und meiner Lebensgef\u00e4hrtin aufgefallen, dass an der rechten Seite der vorderen Frontsch\u00fcrze Kratzer vorhanden waren, offensichtlich durch ein anderes dort parkendes Fahrzeug (allerdings war zu diesem Zeitpunkt kein anderes Fahrzeug mehr in der N\u00e4he).<br \/>\nWir haben den Schaden sowohl an der Hotelrezeption als auch im Anschluss an der lokalen Polizeischaden gemeldet. Die Polizei nahm mit der Begr\u00fcndung, dass es sich um einen Bagatellschaden allerdings keinen Bericht auf.<br \/>\nDa auch zum Zeitpunkt der Abgabe kein avis-Mitarbeiter am Schalter des Flughafens in Hervey Bay anwesend war, habe ich die obigen Informationen aufgeschrieben und zusammen mit dem Schl\u00fcssel in die Schl\u00fcsselabgabebox eingeworfen.<br \/>\nIn der Abrechnung wird mir nun der nicht von mir verursachte Unfallschaden mit einer Selbstbeteiligung von 300 australischen Dollar in Rechnung gestellt.<br \/>\nDiesen Betrag halte ich sowohl von der H\u00f6he als auch grunds\u00e4tzlich nicht f\u00fcr gerechtfertigt.<br \/>\nHabe ich eine M\u00f6glichkeit dagegen Einspruch zu erheben?<br \/>\nIch w\u00fcrde mich freuen, wenn Sie mich hierzu beraten k\u00f6nnten, und verbleibe<br \/>\nmit freundlichen Gr\u00fc\u00dfen<br \/>\nJ\u00fcrgen Reichmann\n<\/p><\/blockquote>\n<p><strong>06.12.12<\/strong><\/p>\n<p>Der ADAC meldet sich bei mir zur\u00fcck und bietet sich an, den Sachverhalt an den Vermieter Avis weiterzuleiten. Und stellt mir &#8211; als Mitglied &#8211; die M\u00f6glichkeit einer kostenfreien Rechtsberatung in Aussicht.<\/p>\n<p><strong>07.12.12<\/strong><\/p>\n<p>Ich antworte dem ADAC:<\/p>\n<blockquote><p>Sehr geehrter Herr H.,<br \/>\nvielen Dank f\u00fcr Ihr Angebot. Gerne m\u00f6chte ich Ihr Angebot der Weiterleitung des Sachverhalts an AVIS durch Sie annehmen. Ich erwarte mir da mehr davon, als wenn ich es selbst mache. Bevor ich die Rechtsberatung beanspruche, m\u00f6chte ich deren Reaktion abwarten.<br \/>\nIn der Anlage habe ich die Mietvertragsbest\u00e4tigung, die Abrechnung sowie ein Foto des Schadens beigef\u00fcgt.<br \/>\nVielen Dank f\u00fcr Ihr Bem\u00fchen!<br \/>\nMit freundlichen Gr\u00fc\u00dfen<br \/>\nJ\u00fcrgen Reichmann\n<\/p><\/blockquote>\n<p><strong>02.03.2013<\/strong><\/p>\n<p>Nach nur <strong>drei Monaten<\/strong> &#8211; ok, ich \u00fcbertreibe, es fehlen noch 5 Tage f\u00fcr die vollen drei Monate (au\u00dferdem war ja Weihnachten und der Jahreswechsel dazwischen, da kann es schon mal l\u00e4nger dauern&#8230;) &#8211; kommt die Antwort von Avis:<\/p>\n<blockquote><p>Sehr geehrter Herr Reichmann,<br \/>\nwir kommen zur\u00fcck auf den o.g. Vorgang. Es tut uns sehr leid, dass Ihre Anfrage bisher unbeantwortet blieb.<br \/>\nWir haben Ihren Vorgang \u00fcberpr\u00fcft und wir haben auch Avis Australien kontaktiert.<br \/>\nWir haben die Schadensdokumente erhalten, die Sie im Anhang finden k\u00f6nnen.<br \/>\nAus diesem Grund kann seitens Avis Budget Deutschland keine Gutschrift veranlasst werden.<br \/>\nMit weiteren Fragen <strong>kontaktieren Sie bitte direkt Ihren Vertragspartner, Avis Australien,<\/strong> da Avis Budget Deutschland nur als Vermittler t\u00e4tig ist. Dazu k\u00f6nnen wir Ihnen die folgende Kontaktm\u00f6glcihkeit anbieten: queries.au@avis.co.nz<br \/>\nVielen Dank f\u00fcr Ihr Verst\u00e4ndnis!<br \/>\nMit freundlichen Gr\u00fc\u00dfen\/ Kind regards,<br \/>\nB.<br \/>\nCustomer Service Specialist<br \/>\nAvis Budget Autovermietung GmbH &#038; Co.KG\n<\/p><\/blockquote>\n<p><strong>F\u00fcr welches Verst\u00e4ndnis wird mir gedankt? Ich habe kein Verst\u00e4ndnis f\u00fcr diese Mail. Denn: Warum ist pl\u00f6tzlich Avis Australien mein Vertragspartner? Die traten bei der urspr\u00fcnglichen Buchung doch gar nicht in Erscheinung! Und Avis Budget Deutschland ist nur noch als Vermittler t\u00e4tig gewesen? Und den Inhalt der Rechnung kann ich auch nicht nachvollziehen.<\/strong><\/p>\n<div id=\"attachment_2031\" style=\"width: 610px\" class=\"wp-caption aligncenter\"><img loading=\"lazy\" decoding=\"async\" aria-describedby=\"caption-attachment-2031\" src=\"http:\/\/www.erde-in-bildern.de\/reiseblog\/wp-content\/uploads\/2013\/03\/avis-reparaturrechnung-600x343.jpg\" alt=\"Rechnung f\u00fcr die Reparatur des Avis-Mietwagens in Australien\" width=\"600\" height=\"343\" class=\"size-medium wp-image-2031\" srcset=\"https:\/\/www.erde-in-bildern.de\/reiseblog\/wp-content\/uploads\/2013\/03\/avis-reparaturrechnung-600x343.jpg 600w, https:\/\/www.erde-in-bildern.de\/reiseblog\/wp-content\/uploads\/2013\/03\/avis-reparaturrechnung-1000x572.jpg 1000w, https:\/\/www.erde-in-bildern.de\/reiseblog\/wp-content\/uploads\/2013\/03\/avis-reparaturrechnung.jpg 1191w\" sizes=\"auto, (max-width: 600px) 100vw, 600px\" \/><p id=\"caption-attachment-2031\" class=\"wp-caption-text\">Rechnung f\u00fcr die Reparatur des Avis-Mietwagens in Australien<\/p><\/div>\n<p><strong>04.03.13<\/strong><\/p>\n<p>Mit Verst\u00e4ndnislosigkeit bez\u00fcglich der Mail und der beigelegten Reparaturrechnung schreibe ich an Frau B. von Avis zur\u00fcck:<\/p>\n<blockquote><p>Sehr geehrte Frau B.,<br \/>\nvielen Dank f\u00fcr Ihre Mail. Und insbesondere auch vielen Dank an den ADAC f\u00fcr seine Unterst\u00fctzung!<br \/>\nAber mal ganz ehrlich Frau B., Ihnen war die Mail auch ein bi\u00dfchen peinlich!?!<br \/>\nDas Abrechnen von 3 (in Worten drei) Stunden f\u00fcr das Lackieren einer Frontsch\u00fcrze halten Sie auch f\u00fcr eine Unversch\u00e4mtheit! Oder? Und was wurde mit der Frontlampe (&#8222;R\/H HEADLAMP &#8211; POLISH&#8220;) \u00fcberhaupt f\u00fcr 60$ gemacht??? Ich konnte sowohl vor Ort als auch auf meiner Aufnahme (s. Anhang) keinen Schaden feststellen!<br \/>\n\u00dcberhaupt sehe ich in der Abrechnung nur die Angaben von Stunden (&#8222;Hours&#8220;). Und nach diesen Angaben h\u00e4tte die Werkstatt \u00fcber 11 (in Worten elf) Stunden gearbeitet!?! Es ist mir nur schwer m\u00f6glich, mich hier mit zynischen Bermerkungen zur\u00fcckzuhalten.<br \/>\nWenn ich mir \u00fcberlege, dass diese Antwort schon ein paar Monate brauchte, halten Sie es da f\u00fcr wirklich sinnvoll, dass ich mich an die von Ihnen vorgeschlagene Adresse in Australien wende??<br \/>\nMal abgesehen, dass ich diese Vorgehensweise f\u00fcr sehr grenzwertig halte: Schlie\u00dflich habe ich die Buchung bei Avis Deutschland durchgef\u00fchrt (das zum Thema &#8222;kontaktieren Sie bitte direkt Ihren Vertragspartner&#8220;):<\/p>\n<p>&#8222;<br \/>\n&#8230;<br \/>\nWir w\u00fcnschen Ihnen eine gute Reise und freuen uns, Sie bald wieder begr\u00fc\u00dfen zu d\u00fcrfen.<\/p>\n<p>www.avis.de<br \/>\nAvis Autovermietung GmbH &#038; Co.KG<br \/>\n&#8220;<\/p>\n<p>Aber, Sie merken, Avis hat einen bleibenden Eindruck bei mir hinterlassen! Ich w\u00fcrde mich aber trotzdem freuen, wenn ich nochmals von Ihnen bez\u00fcglich meiner obigen Kommentare h\u00f6ren w\u00fcrde.<br \/>\nMit freundlichen Gr\u00fc\u00dfen<br \/>\nJ\u00fcrgen Reichmann<\/p>\n<p>P.S.1: Eine Mail mit dem Absender &#8222;Queries Direct Billing Germany&#8220; und dem Betreff &#8222;P299341571&#8220; schrammt nur sehr knapp am Spamfilter und L\u00f6schen vorbei!<\/p>\n<p>P.S.2: Ich nehme an, Sie haben nichts dagegen, wenn ich \u00fcber diesen &#8222;Vorfall&#8220; im Web berichte? Viele Leser freuen sich immer \u00fcber Wie-behandle-ich-Kunden-Geschichten!\n<\/p><\/blockquote>\n<p><strong>27. M\u00e4rz 2013<\/strong><\/p>\n<p>Und da ich gerne Mails an Avis schreibe, folgt schon <strong>gut drei Wochen sp\u00e4ter<\/strong> meine n\u00e4chste:<\/p>\n<blockquote><p>Sehr geehrte Frau B.,<br \/>\nleider haben Sie in den letzten drei Wochen keine Zeit gefunden auf meine Mail zu antworten.<br \/>\nWie schon angek\u00fcndigt werde ich den Sachverhalt zusammenfassen und ver\u00f6ffentlichen.<br \/>\nViele Gr\u00fc\u00dfe<br \/>\nJ\u00fcrgen Reichmann<\/p><\/blockquote>\n<p><strong>16. April 2013<\/strong><\/p>\n<p>Nochmals ein Blick auf die Webseite von Avis:<\/p>\n<blockquote><p>\nDie Avis Autovermietung <strong>nimmt den Kundendienst sehr ernst<\/strong> und daher sind wir Mitglied des \u201cEuropean Car Rental Conciliation Service (ECRCS)\u201d, der unabh\u00e4ngig bestehende Kundenbeschwerden ohne zus\u00e4tzliche Kosten f\u00fcr Sie \u00fcberpr\u00fcft.\n<\/p><\/blockquote>\n<p>Geht man auf die Seite des \u201cEuropean Car Rental Conciliation Service (ECRCS)\u201d, findet man folgende Einschr\u00e4nkungen:<\/p>\n<blockquote><p>\nDer Verleih fand innerhalb der EU in einem Land statt, in dem Sie nicht Ihren Wohnsitz haben<\/p>\n<p>Sie haben die firmeneigene Beschwerdeprozedur durchlaufen\n<\/p><\/blockquote>\n<p>Leider keine Stelle, an die ich mich wenden kann, denn &#8211; dummerweise &#8211; fand der Verleih nicht in einem Land der EU statt.<\/p>\n<p>Ich folge der Ank\u00fcndigung aus meiner letzten Mail. Ich habe zwar das Gef\u00fchl, dass das alles nicht viel bringt. Aber einfach da sitzen und nichts tun, das kann ja auch keine L\u00f6sung sein.<\/p>\n<p>Oder?<\/p>\n<p><strong>Nachtrag 17. April 2013<\/strong><\/p>\n<div id=\"attachment_2121\" style=\"width: 539px\" class=\"wp-caption aligncenter\"><img loading=\"lazy\" decoding=\"async\" aria-describedby=\"caption-attachment-2121\" src=\"http:\/\/www.erde-in-bildern.de\/reiseblog\/wp-content\/uploads\/2013\/04\/avis_twitter.jpg\" alt=\"Eine Nachricht an den Twitter-Account von Avis Deutschland\" width=\"529\" height=\"205\" class=\"size-full wp-image-2121\" \/><p id=\"caption-attachment-2121\" class=\"wp-caption-text\">Eine Nachricht an den Twitter-Account von Avis Deutschland<\/p><\/div>\n<p><strong>Nachtrag 25. April 2013<\/strong><\/p>\n<div id=\"attachment_2123\" style=\"width: 543px\" class=\"wp-caption aligncenter\"><img loading=\"lazy\" decoding=\"async\" aria-describedby=\"caption-attachment-2123\" src=\"http:\/\/www.erde-in-bildern.de\/reiseblog\/wp-content\/uploads\/2013\/04\/avis_twitter2.jpg\" alt=\"Eine neue Nachricht an den Twitter-Account von Avis Deutschland\" width=\"533\" height=\"82\" class=\"size-full wp-image-2123\" \/><p id=\"caption-attachment-2123\" class=\"wp-caption-text\">Eine neue Nachricht an den Twitter-Account von Avis Deutschland<\/p><\/div>\n","protected":false},"excerpt":{"rendered":"<p>08.11.12 Schon in einem der Australien-Berichte hatte ich den vielfachen \u00c4rger mit der Mietwagenverleihfirma Avis schon erw\u00e4hnt. \u00dcber die ganze Geschichte &#8211; und deren augenblickliches Ende durch Totschweigen &#8211; m\u00f6chte ich hier berichten. Kurz vor dem Abflug nach Australien m\u00f6chte ich einen Mietwagen buchen. Ich brauche das Auto nicht in einem der gro\u00dfen Orte Australiens, [&hellip;]<\/p>\n","protected":false},"author":2,"featured_media":0,"comment_status":"open","ping_status":"open","sticky":false,"template":"","format":"standard","meta":{"footnotes":""},"categories":[1],"tags":[478,507],"class_list":["post-2029","post","type-post","status-publish","format-standard","hentry","category-allgemein","tag-australien","tag-avis"],"_links":{"self":[{"href":"https:\/\/www.erde-in-bildern.de\/reiseblog\/wp-json\/wp\/v2\/posts\/2029","targetHints":{"allow":["GET"]}}],"collection":[{"href":"https:\/\/www.erde-in-bildern.de\/reiseblog\/wp-json\/wp\/v2\/posts"}],"about":[{"href":"https:\/\/www.erde-in-bildern.de\/reiseblog\/wp-json\/wp\/v2\/types\/post"}],"author":[{"embeddable":true,"href":"https:\/\/www.erde-in-bildern.de\/reiseblog\/wp-json\/wp\/v2\/users\/2"}],"replies":[{"embeddable":true,"href":"https:\/\/www.erde-in-bildern.de\/reiseblog\/wp-json\/wp\/v2\/comments?post=2029"}],"version-history":[{"count":18,"href":"https:\/\/www.erde-in-bildern.de\/reiseblog\/wp-json\/wp\/v2\/posts\/2029\/revisions"}],"predecessor-version":[{"id":2119,"href":"https:\/\/www.erde-in-bildern.de\/reiseblog\/wp-json\/wp\/v2\/posts\/2029\/revisions\/2119"}],"wp:attachment":[{"href":"https:\/\/www.erde-in-bildern.de\/reiseblog\/wp-json\/wp\/v2\/media?parent=2029"}],"wp:term":[{"taxonomy":"category","embeddable":true,"href":"https:\/\/www.erde-in-bildern.de\/reiseblog\/wp-json\/wp\/v2\/categories?post=2029"},{"taxonomy":"post_tag","embeddable":true,"href":"https:\/\/www.erde-in-bildern.de\/reiseblog\/wp-json\/wp\/v2\/tags?post=2029"}],"curies":[{"name":"wp","href":"https:\/\/api.w.org\/{rel}","templated":true}]}}