{"id":1949,"date":"2013-02-21T01:18:01","date_gmt":"2013-02-20T23:18:01","guid":{"rendered":"http:\/\/www.erde-in-bildern.de\/reiseblog\/?p=1949"},"modified":"2013-03-05T11:25:06","modified_gmt":"2013-03-05T10:25:06","slug":"am-rande-erwahnt-7","status":"publish","type":"post","link":"https:\/\/www.erde-in-bildern.de\/reiseblog\/allgemein\/am-rande-erwahnt-7\/","title":{"rendered":"Am Rande erw\u00e4hnt (7) &#8211; Der MVV"},"content":{"rendered":"<p>Es wird Zeit. Ich habe lange nichts \u00fcber meinen <a href=\"http:\/\/www.erde-in-bildern.de\/reiseblog\/allgemein\/am-rande-erwahnt-6\/\">Lieblingsverkehrsverbund<\/a> geschrieben.<\/p>\n<p>Die neuen Monitore in den neuen Stra\u00dfenbahnen sind schon toll. Man erf\u00e4hrt nicht nur die n\u00e4chste Haltestelle, sondern auch noch die darauf folgenden. (Das w\u00e4re doch auch mal was f\u00fcr die S-Bahn, dort erf\u00e4hrt man zwar dauerhaft die Endhaltestelle und immer erst kurz vor dem Stopp die n\u00e4chste Haltestelle &#8211; was auch nicht ganz stimmt, denn der Name der Haltestelle wechselt immer mit einer nervigen Anzeige der Art &#8222;N\u00e4chster Halt&#8220; ab.)<\/p>\n<p>Dass der MVV einen besonderen Humor hat, wusste ich bisher nicht. Jetzt schon. F\u00e4llt das Anzeigesystem aus, zeigt das Ersatzbild dauerhaft &#8222;<strong>Dynamisches Fahrgastinformationssystem<\/strong>&#8220; an.<\/p>\n<div id=\"attachment_1947\" style=\"width: 610px\" class=\"wp-caption aligncenter\"><img loading=\"lazy\" decoding=\"async\" aria-describedby=\"caption-attachment-1947\" src=\"http:\/\/www.erde-in-bildern.de\/reiseblog\/wp-content\/uploads\/2013\/02\/mvv_dynamisch-600x289.jpg\" alt=\"Monitore in der Stra\u00dfenbahn\" width=\"600\" height=\"289\" class=\"size-medium wp-image-1947\" srcset=\"https:\/\/www.erde-in-bildern.de\/reiseblog\/wp-content\/uploads\/2013\/02\/mvv_dynamisch-600x289.jpg 600w, https:\/\/www.erde-in-bildern.de\/reiseblog\/wp-content\/uploads\/2013\/02\/mvv_dynamisch.jpg 1000w\" sizes=\"auto, (max-width: 600px) 100vw, 600px\" \/><p id=\"caption-attachment-1947\" class=\"wp-caption-text\">Monitore in der Stra\u00dfenbahn<\/p><\/div>\n<p>Und weil ich gerade dabei bin&#8230; Noch zwei Bilder vom MVV.<\/p>\n<p>Donnersbergerbr\u00fccke, Teil der M\u00fcnchner S-Bahn-Stammstrecke. Dumm, wenn man in 64 Minuten auf dem Bahnhof erscheint&#8230; Oder nicht in Richtung Wolfratshausen will (ok, das ist jetzt unfair, ich nehme mal an, <em>alle<\/em> Z\u00fcge, die nicht nach Wolfratshausen fahren, fahren auf einem anderen Gleis).<\/p>\n<div id=\"attachment_1950\" style=\"width: 610px\" class=\"wp-caption aligncenter\"><img loading=\"lazy\" decoding=\"async\" aria-describedby=\"caption-attachment-1950\" src=\"http:\/\/www.erde-in-bildern.de\/reiseblog\/wp-content\/uploads\/2013\/02\/mvv_anzeigetafel-600x237.jpg\" alt=\"S-Bahnhof Donnersbergerbr\u00fccke: Anzeigetafel\" width=\"600\" height=\"237\" class=\"size-medium wp-image-1950\" srcset=\"https:\/\/www.erde-in-bildern.de\/reiseblog\/wp-content\/uploads\/2013\/02\/mvv_anzeigetafel-600x237.jpg 600w, https:\/\/www.erde-in-bildern.de\/reiseblog\/wp-content\/uploads\/2013\/02\/mvv_anzeigetafel-1000x395.jpg 1000w, https:\/\/www.erde-in-bildern.de\/reiseblog\/wp-content\/uploads\/2013\/02\/mvv_anzeigetafel.jpg 1105w\" sizes=\"auto, (max-width: 600px) 100vw, 600px\" \/><p id=\"caption-attachment-1950\" class=\"wp-caption-text\">S-Bahnhof Donnersbergerbr\u00fccke: Anzeigetafel<\/p><\/div>\n<p>Und&#8230; Pech ist, wenn dem MVV-Monatsticket aus dem MVV-Automaten die Monatsangabe fehlt. Also Besuch beim Kundencenter. Die Schlange der Wartenden ist lang bei meiner Ankunft, bei meinem Weggehen hat sie sich wie von Geisterhand aufgel\u00f6st.<\/p>\n<div id=\"attachment_1948\" style=\"width: 610px\" class=\"wp-caption aligncenter\"><img loading=\"lazy\" decoding=\"async\" aria-describedby=\"caption-attachment-1948\" src=\"http:\/\/www.erde-in-bildern.de\/reiseblog\/wp-content\/uploads\/2013\/02\/mvv_monatstickets-600x430.jpg\" alt=\"MVV-Monatstickets - mit und ohne Monat\" width=\"600\" height=\"430\" class=\"size-medium wp-image-1948\" srcset=\"https:\/\/www.erde-in-bildern.de\/reiseblog\/wp-content\/uploads\/2013\/02\/mvv_monatstickets-600x430.jpg 600w, https:\/\/www.erde-in-bildern.de\/reiseblog\/wp-content\/uploads\/2013\/02\/mvv_monatstickets.jpg 1000w\" sizes=\"auto, (max-width: 600px) 100vw, 600px\" \/><p id=\"caption-attachment-1948\" class=\"wp-caption-text\">MVV-Monatstickets  &#8211; mit und ohne Monat<\/p><\/div>\n<p>Nach meinem Versichern, dass ich am 19. Februar keine Monatskarte f\u00fcr den Februar gekauft h\u00e4tte und dem Vorzeigen meiner Februarkarte bekomme ich auch schon eine neue Monatskarte f\u00fcr den M\u00e4rz. Sogar geb\u00fchrenfrei.<\/p>\n","protected":false},"excerpt":{"rendered":"<p>Es wird Zeit. Ich habe lange nichts \u00fcber meinen Lieblingsverkehrsverbund geschrieben. Die neuen Monitore in den neuen Stra\u00dfenbahnen sind schon toll. Man erf\u00e4hrt nicht nur die n\u00e4chste Haltestelle, sondern auch noch die darauf folgenden. (Das w\u00e4re doch auch mal was f\u00fcr die S-Bahn, dort erf\u00e4hrt man zwar dauerhaft die Endhaltestelle und immer erst kurz vor [&hellip;]<\/p>\n","protected":false},"author":2,"featured_media":0,"comment_status":"open","ping_status":"open","sticky":false,"template":"","format":"standard","meta":{"footnotes":""},"categories":[1],"tags":[361,495,470,493],"class_list":["post-1949","post","type-post","status-publish","format-standard","hentry","category-allgemein","tag-munchen","tag-munchner-verkehrsverbund","tag-mvv","tag-strasenbahn"],"_links":{"self":[{"href":"https:\/\/www.erde-in-bildern.de\/reiseblog\/wp-json\/wp\/v2\/posts\/1949","targetHints":{"allow":["GET"]}}],"collection":[{"href":"https:\/\/www.erde-in-bildern.de\/reiseblog\/wp-json\/wp\/v2\/posts"}],"about":[{"href":"https:\/\/www.erde-in-bildern.de\/reiseblog\/wp-json\/wp\/v2\/types\/post"}],"author":[{"embeddable":true,"href":"https:\/\/www.erde-in-bildern.de\/reiseblog\/wp-json\/wp\/v2\/users\/2"}],"replies":[{"embeddable":true,"href":"https:\/\/www.erde-in-bildern.de\/reiseblog\/wp-json\/wp\/v2\/comments?post=1949"}],"version-history":[{"count":10,"href":"https:\/\/www.erde-in-bildern.de\/reiseblog\/wp-json\/wp\/v2\/posts\/1949\/revisions"}],"predecessor-version":[{"id":2003,"href":"https:\/\/www.erde-in-bildern.de\/reiseblog\/wp-json\/wp\/v2\/posts\/1949\/revisions\/2003"}],"wp:attachment":[{"href":"https:\/\/www.erde-in-bildern.de\/reiseblog\/wp-json\/wp\/v2\/media?parent=1949"}],"wp:term":[{"taxonomy":"category","embeddable":true,"href":"https:\/\/www.erde-in-bildern.de\/reiseblog\/wp-json\/wp\/v2\/categories?post=1949"},{"taxonomy":"post_tag","embeddable":true,"href":"https:\/\/www.erde-in-bildern.de\/reiseblog\/wp-json\/wp\/v2\/tags?post=1949"}],"curies":[{"name":"wp","href":"https:\/\/api.w.org\/{rel}","templated":true}]}}