{"id":1607,"date":"2012-08-23T21:37:14","date_gmt":"2012-08-23T19:37:14","guid":{"rendered":"http:\/\/www.erde-in-bildern.de\/reiseblog\/?p=1607"},"modified":"2013-04-05T21:35:36","modified_gmt":"2013-04-05T19:35:36","slug":"lautlos-im-weltraum","status":"publish","type":"post","link":"https:\/\/www.erde-in-bildern.de\/reiseblog\/offtopic\/lautlos-im-weltraum\/","title":{"rendered":"Lautlos im Weltraum"},"content":{"rendered":"<p>Besonders erfolgreich waren meine Bem\u00fchungen in der Astrofotografie in diesem Jahr noch nicht. Die Beobachtung und Fotografie des Venusdurchgangs Anfang Juni 2012 war f\u00fcr mich nicht m\u00f6glich &#8211; es regnete. Und <a href=\"\/reiseblog\/offtopic\/keine-schnuppe\/\">ohne Sternschnuppe<\/a> blieben auch meine Bilder in der Zeit der Perseiden.<\/p>\n<p>Ein von Menschen geschaffenes Himmelsereignis sollte die Wende bringen. Am Abend des 21. August 2012 sollten die Voraussetzungen besonders gut sein. Aber&#8230; Trotz Vorhersage eines wolkenlosen Himmels zogen schon am sp\u00e4ten Nachmittag die ersten Schleierwolken durch die Atmosph\u00e4re.<\/p>\n<p>Trotzdem mache ich mich auf in den <a href=\"http:\/\/www.juergen-reichmann.de\/europa\/d\/muenchen_ostpark\/muenchen_ostpark_1101791.html\">M\u00fcnchner Ostpark<\/a>, genau genommen auf seine h\u00f6chste Erhebung.<\/p>\n<div id=\"attachment_1611\" style=\"width: 610px\" class=\"wp-caption aligncenter\"><a href=\"http:\/\/www.erde-in-bildern.de\/reiseblog\/wp-content\/uploads\/2012\/08\/iss0a.jpg\" rel=\"lightbox[ostpark]\" title=\"Blick vom Ostparkh\u00fcgel auf das Stadtzentrum M\u00fcnchens\"><img loading=\"lazy\" decoding=\"async\" aria-describedby=\"caption-attachment-1611\" src=\"http:\/\/www.erde-in-bildern.de\/reiseblog\/wp-content\/uploads\/2012\/08\/iss0a-600x341.jpg\" alt=\"Blick vom Ostparkh\u00fcgel auf das Stadtzentrum M\u00fcnchens\" title=\"Blick vom Ostparkh\u00fcgel auf das Stadtzentrum M\u00fcnchens\" width=\"600\" height=\"341\" class=\"size-medium wp-image-1611\" srcset=\"https:\/\/www.erde-in-bildern.de\/reiseblog\/wp-content\/uploads\/2012\/08\/iss0a-600x341.jpg 600w, https:\/\/www.erde-in-bildern.de\/reiseblog\/wp-content\/uploads\/2012\/08\/iss0a.jpg 1000w\" sizes=\"auto, (max-width: 600px) 100vw, 600px\" \/><\/a><p id=\"caption-attachment-1611\" class=\"wp-caption-text\">Blick vom Ostparkh\u00fcgel auf das Stadtzentrum M\u00fcnchens<\/p><\/div>\n<p>F\u00fcr gr\u00f6\u00dfere Bildversionen auf das jeweilige Bild klicken!<\/p>\n<p>Die Aussicht vom Ostparkh\u00fcgel wird leider aufgrund der wuchernden Vegetation immer schlechter. An diesem Tag interessierte aber weniger die irdische Aussicht, sondern vielmehr der Blick nach oben.<\/p>\n<p>Und da gibt es Wolken&#8230;<\/p>\n<div id=\"attachment_1612\" style=\"width: 610px\" class=\"wp-caption aligncenter\"><a href=\"http:\/\/www.erde-in-bildern.de\/reiseblog\/wp-content\/uploads\/2012\/08\/iss0b.jpg\" rel=\"lightbox[ostpark]\" title=\"21. August 2012 - Schleierwolken \u00fcber dem Ostpark M\u00fcnchen\"><img loading=\"lazy\" decoding=\"async\" aria-describedby=\"caption-attachment-1612\" src=\"http:\/\/www.erde-in-bildern.de\/reiseblog\/wp-content\/uploads\/2012\/08\/iss0b-600x400.jpg\" alt=\"21. August 2012 - Schleierwolken \u00fcber dem Ostpark M\u00fcnchen\" title=\"21. August 2012 - Schleierwolken \u00fcber dem Ostpark M\u00fcnchen\" width=\"600\" height=\"400\" class=\"size-medium wp-image-1612\" srcset=\"https:\/\/www.erde-in-bildern.de\/reiseblog\/wp-content\/uploads\/2012\/08\/iss0b-600x400.jpg 600w, https:\/\/www.erde-in-bildern.de\/reiseblog\/wp-content\/uploads\/2012\/08\/iss0b.jpg 1000w\" sizes=\"auto, (max-width: 600px) 100vw, 600px\" \/><\/a><p id=\"caption-attachment-1612\" class=\"wp-caption-text\">21. August 2012 - Schleierwolken \u00fcber dem Ostpark M\u00fcnchen<\/p><\/div>\n<p>Und einen aufgehenden Mond&#8230;<\/p>\n<div id=\"attachment_1613\" style=\"width: 610px\" class=\"wp-caption aligncenter\"><a href=\"http:\/\/www.erde-in-bildern.de\/reiseblog\/wp-content\/uploads\/2012\/08\/iss0c.jpg\" rel=\"lightbox[ostpark]\" title=\"Blick vom Ostparkh\u00fcgel: Der Mond \u00fcber M\u00fcnchen-Perlach\"><img loading=\"lazy\" decoding=\"async\" aria-describedby=\"caption-attachment-1613\" src=\"http:\/\/www.erde-in-bildern.de\/reiseblog\/wp-content\/uploads\/2012\/08\/iss0c-600x268.jpg\" alt=\"Blick vom Ostparkh\u00fcgel: Der Mond \u00fcber M\u00fcnchen-Perlach\" title=\"Blick vom Ostparkh\u00fcgel: Der Mond \u00fcber M\u00fcnchen-Perlach\" width=\"600\" height=\"268\" class=\"size-medium wp-image-1613\" srcset=\"https:\/\/www.erde-in-bildern.de\/reiseblog\/wp-content\/uploads\/2012\/08\/iss0c-600x268.jpg 600w, https:\/\/www.erde-in-bildern.de\/reiseblog\/wp-content\/uploads\/2012\/08\/iss0c.jpg 1000w\" sizes=\"auto, (max-width: 600px) 100vw, 600px\" \/><\/a><p id=\"caption-attachment-1613\" class=\"wp-caption-text\">Blick vom Ostparkh\u00fcgel: Der Mond \u00fcber M\u00fcnchen-Perlach<\/p><\/div>\n<p>Schon fast die Hoffnung aufgebend, war <em>sie<\/em> &#8211; p\u00fcnktlich auf die vorhergesagte Minute &#8211; pl\u00f6tzlich da: die Internationale Raumstation (<em>International Space Station<\/em>, kurz ISS). Ein sich schnell bewegender, hell leuchtender Punkt direkt \u00fcber M\u00fcnchens Innenstadt (auf den nachfolgenden Bildern bildet der helle Punkt aufgrund der langen Belichtungszeiten jeweils eine d\u00fcnne Linie!).<\/p>\n<div id=\"attachment_1614\" style=\"width: 610px\" class=\"wp-caption aligncenter\"><a href=\"http:\/\/www.erde-in-bildern.de\/reiseblog\/wp-content\/uploads\/2012\/08\/iss1.jpg\" rel=\"lightbox[iss]\" title=\"21. August 2012, 21:30:27 Uhr, ISS \u00fcber M\u00fcnchen (Belichtungszeit: 21 s, Brennweite: 24 mm)\"><img loading=\"lazy\" decoding=\"async\" aria-describedby=\"caption-attachment-1614\" src=\"http:\/\/www.erde-in-bildern.de\/reiseblog\/wp-content\/uploads\/2012\/08\/iss1-600x319.jpg\" alt=\"21. August 2012, 21:30:27 Uhr, ISS \u00fcber M\u00fcnchen (Belichtungszeit: 21 s, Brennweite: 24 mm)\" title=\"21. August 2012, 21:30:27 Uhr, ISS \u00fcber M\u00fcnchen (Belichtungszeit: 21 s, Brennweite: 24 mm)\" width=\"600\" height=\"319\" class=\"size-medium wp-image-1614\" srcset=\"https:\/\/www.erde-in-bildern.de\/reiseblog\/wp-content\/uploads\/2012\/08\/iss1-600x319.jpg 600w, https:\/\/www.erde-in-bildern.de\/reiseblog\/wp-content\/uploads\/2012\/08\/iss1.jpg 1000w\" sizes=\"auto, (max-width: 600px) 100vw, 600px\" \/><\/a><p id=\"caption-attachment-1614\" class=\"wp-caption-text\">21. August 2012, 21:30:27 Uhr, ISS \u00fcber M\u00fcnchen (Belichtungszeit: 21 s, Brennweite: 24 mm)<\/p><\/div>\n<p>Wegen der g\u00fcnstigen Sonnenstandsbedingungen an diesem Abend (die ISS leuchtet nicht von selbst, sie wird von der Sonne angestrahlt) bleibt die Raumstation auch noch durch die Schleierwolken oft sichtbar. Nach wenigen Minuten ist das Spektakel aber vorbei.<\/p>\n<div id=\"attachment_1615\" style=\"width: 502px\" class=\"wp-caption aligncenter\"><a href=\"http:\/\/www.erde-in-bildern.de\/reiseblog\/wp-content\/uploads\/2012\/08\/iss2.jpg\" rel=\"lightbox[iss]\" title=\"21. August 2012, 21:31:05 Uhr, ISS \u00fcber M\u00fcnchen (Belichtungszeit: 39 s, Brennweite: 88 mm)\"><img loading=\"lazy\" decoding=\"async\" aria-describedby=\"caption-attachment-1615\" src=\"http:\/\/www.erde-in-bildern.de\/reiseblog\/wp-content\/uploads\/2012\/08\/iss2-492x600.jpg\" alt=\"21. August 2012, 21:31:05 Uhr, ISS \u00fcber M\u00fcnchen (Belichtungszeit: 39 s, Brennweite: 88 mm)\" title=\"21. August 2012, 21:31:05 Uhr, ISS \u00fcber M\u00fcnchen (Belichtungszeit: 39 s, Brennweite: 88 mm)\" width=\"492\" height=\"600\" class=\"size-medium wp-image-1615\" srcset=\"https:\/\/www.erde-in-bildern.de\/reiseblog\/wp-content\/uploads\/2012\/08\/iss2-492x600.jpg 492w, https:\/\/www.erde-in-bildern.de\/reiseblog\/wp-content\/uploads\/2012\/08\/iss2.jpg 820w\" sizes=\"auto, (max-width: 492px) 100vw, 492px\" \/><\/a><p id=\"caption-attachment-1615\" class=\"wp-caption-text\">21. August 2012, 21:31:05 Uhr, ISS \u00fcber M\u00fcnchen (Belichtungszeit: 39 s, Brennweite: 88 mm)<\/p><\/div>\n<div id=\"attachment_1616\" style=\"width: 610px\" class=\"wp-caption aligncenter\"><a href=\"http:\/\/www.erde-in-bildern.de\/reiseblog\/wp-content\/uploads\/2012\/08\/iss3.jpg\" rel=\"lightbox[iss]\" title=\"21. August 2012, 21:31:55 Uhr, ISS \u00fcber M\u00fcnchen (Belichtungszeit: 32 s, Brennweite: 85 mm)\"><img loading=\"lazy\" decoding=\"async\" aria-describedby=\"caption-attachment-1616\" src=\"http:\/\/www.erde-in-bildern.de\/reiseblog\/wp-content\/uploads\/2012\/08\/iss3-600x363.jpg\" alt=\"21. August 2012, 21:31:55 Uhr, ISS \u00fcber M\u00fcnchen (Belichtungszeit: 32 s, Brennweite: 85 mm)\" title=\"21. August 2012, 21:31:55 Uhr, ISS \u00fcber M\u00fcnchen (Belichtungszeit: 32 s, Brennweite: 85 mm)\" width=\"600\" height=\"363\" class=\"size-medium wp-image-1616\" srcset=\"https:\/\/www.erde-in-bildern.de\/reiseblog\/wp-content\/uploads\/2012\/08\/iss3-600x363.jpg 600w, https:\/\/www.erde-in-bildern.de\/reiseblog\/wp-content\/uploads\/2012\/08\/iss3.jpg 1000w\" sizes=\"auto, (max-width: 600px) 100vw, 600px\" \/><\/a><p id=\"caption-attachment-1616\" class=\"wp-caption-text\">21. August 2012, 21:31:55 Uhr, ISS \u00fcber M\u00fcnchen (Belichtungszeit: 32 s, Brennweite: 85 mm)<\/p><\/div>\n<p>Man k\u00f6nnte jetzt meinen, warum so viel Theater, schlie\u00dflich kreist die ISS ja st\u00e4ndig um die Erde. Das stimmt auch. Um sie gut beobachten zu k\u00f6nnen (d.h. dass sie als heller Punkt am Firmament erscheint), muss ihr \u00dcberflug in einem bestimmten Zeitfenster nach (bzw. kurz vor) Sonnenuntergang oder vor Sonnenaufgang erfolgen. Und der \u00dcberflug muss auch sichtbar sein, d.h. ein Flug zum richtigen Zeitpunkt \u00fcber S\u00fcdafrika sieht man in M\u00fcnchen nicht (Informationen zu den \u00dcberflugszeiten gibt es auf <a href=\"http:\/\/www.heavens-above.com\/PassSummary.aspx?satid=25544&#038;lat=48.14043&#038;lng=11.60431&#038;loc=M%fcnchen&#038;alt=0&#038;tz=CET\">Heavens-Above<\/a>. Dank an meine Lieblingsastronomin f\u00fcr den Link!). Und zu guter Letzt sollte es auch noch wolkenlos sein&#8230;<\/p>\n<p>Wie es von der &#8222;anderen Seite&#8220; aussieht, zeigt das folgende Video.<\/p>\n<div id=\"attachment_1056\" style=\"width: 610px\" class=\"wp-caption aligncenter\"><iframe loading=\"lazy\" src=\"http:\/\/player.vimeo.com\/video\/61487989?badge=0\" width=\"600\" height=\"337\" frameborder=\"0\" webkitAllowFullScreen mozallowfullscreen allowFullScreen><\/iframe><p id=\"caption-attachment-1056\" class=\"wp-caption-text\">Time-Lapse | Earth<\/p><\/div>\n<p>Das wichtigste astronomische Ereignis f\u00fcr mich in diesem Jahr steht erst noch bevor. \u00dcber den (fotografischen) Erfolg werde ich <a href=\"http:\/\/www.erde-in-bildern.de\/reiseblog\/allgemein\/down-under-die-sonnenfinsternis\/\">an dieser Stelle<\/a> berichten.<\/p>\n","protected":false},"excerpt":{"rendered":"<p>Besonders erfolgreich waren meine Bem\u00fchungen in der Astrofotografie in diesem Jahr noch nicht. Die Beobachtung und Fotografie des Venusdurchgangs Anfang Juni 2012 war f\u00fcr mich nicht m\u00f6glich &#8211; es regnete. Und ohne Sternschnuppe blieben auch meine Bilder in der Zeit der Perseiden. Ein von Menschen geschaffenes Himmelsereignis sollte die Wende bringen. Am Abend des 21. [&hellip;]<\/p>\n","protected":false},"author":2,"featured_media":0,"comment_status":"open","ping_status":"open","sticky":false,"template":"","format":"standard","meta":{"footnotes":""},"categories":[453],"tags":[474,473,361],"class_list":["post-1607","post","type-post","status-publish","format-standard","hentry","category-offtopic","tag-astronomie","tag-iss","tag-munchen"],"_links":{"self":[{"href":"https:\/\/www.erde-in-bildern.de\/reiseblog\/wp-json\/wp\/v2\/posts\/1607","targetHints":{"allow":["GET"]}}],"collection":[{"href":"https:\/\/www.erde-in-bildern.de\/reiseblog\/wp-json\/wp\/v2\/posts"}],"about":[{"href":"https:\/\/www.erde-in-bildern.de\/reiseblog\/wp-json\/wp\/v2\/types\/post"}],"author":[{"embeddable":true,"href":"https:\/\/www.erde-in-bildern.de\/reiseblog\/wp-json\/wp\/v2\/users\/2"}],"replies":[{"embeddable":true,"href":"https:\/\/www.erde-in-bildern.de\/reiseblog\/wp-json\/wp\/v2\/comments?post=1607"}],"version-history":[{"count":18,"href":"https:\/\/www.erde-in-bildern.de\/reiseblog\/wp-json\/wp\/v2\/posts\/1607\/revisions"}],"predecessor-version":[{"id":2106,"href":"https:\/\/www.erde-in-bildern.de\/reiseblog\/wp-json\/wp\/v2\/posts\/1607\/revisions\/2106"}],"wp:attachment":[{"href":"https:\/\/www.erde-in-bildern.de\/reiseblog\/wp-json\/wp\/v2\/media?parent=1607"}],"wp:term":[{"taxonomy":"category","embeddable":true,"href":"https:\/\/www.erde-in-bildern.de\/reiseblog\/wp-json\/wp\/v2\/categories?post=1607"},{"taxonomy":"post_tag","embeddable":true,"href":"https:\/\/www.erde-in-bildern.de\/reiseblog\/wp-json\/wp\/v2\/tags?post=1607"}],"curies":[{"name":"wp","href":"https:\/\/api.w.org\/{rel}","templated":true}]}}