{"id":1183,"date":"2012-11-07T00:58:45","date_gmt":"2012-11-06T22:58:45","guid":{"rendered":"http:\/\/www.erde-in-bildern.de\/reiseblog\/?p=1183"},"modified":"2013-02-27T15:31:13","modified_gmt":"2013-02-27T13:31:13","slug":"baltikum","status":"publish","type":"post","link":"https:\/\/www.erde-in-bildern.de\/reiseblog\/allgemein\/baltikum\/","title":{"rendered":"Baltikum"},"content":{"rendered":"<p>Manchmal kommt es ganz anders. So auch im Fr\u00fchjahr 1993.<\/p>\n<p>Ich hatte gerade mein Studium beendet. Am Stuttgarter Max-Planck-Institut f\u00fcr Metallforschung, an dem ich meine Diplomarbeit gemacht hatte, wollte ich nicht bleiben. Der Arbeitsmarkt &#8211; noch dazu f\u00fcr einen berufseinsteigenden Physiker wie mich &#8211; war aber auch ziemlich d\u00fcrftig (um es mal sehr zur\u00fcckhaltend auszudr\u00fccken).<\/p>\n<p>Da h\u00f6rte sich der Tipp, den ich damals bekam, nicht schlecht an. Ich sollte mal nachfragen, ob ich ein Auslandspraktikum bekommen k\u00f6nnte. Normalerweise ist die Bewerbung und Zuteilung eines Auslandspraktikums ein l\u00e4ngliches Verfahren. Manchmal g\u00e4be es aber auch Stellen, die kurzfristig besetzt werden k\u00f6nnten. Ich ging zur Vermittlungsstelle f\u00fcr Auslandspraktika.<\/p>\n<p>Angeboten bekam ich einen Job an der Helsinki University of Technology. Zwei Monate. April und Mai. Skandinavien kannte ich nur von meiner <a href=\"http:\/\/www.erde-in-bildern.de\/reiseblog\/allgemein\/interrail-die-zweite\/\">zweiten Interrailreise<\/a>. Und die war auch schon sieben Jahre her.<\/p>\n<p>Lange \u00fcberlegt hatte ich nicht. Ich nahm das Angebot an. Das n\u00f6tige Arbeitsvisum gab es beim Konsulat, das Flugticket im Reiseb\u00fcro.<\/p>\n<p>Schon bald ging es los. Der g\u00fcnstigste Flug ging von Frankfurt \u00fcber Kopenhagen nach Helsinki. Dumm war nur, dass die Gep\u00e4ckarbeiter in Kopenhagen streikten. Ohne Gep\u00e4ck und mit reichlich Versp\u00e4tung kam ich bei str\u00f6mendem Regen in <a href=\"http:\/\/www.juergen-reichmann.de\/europa\/fin\/helsinki\/helsinki_010714.html\">Helsinki<\/a> an.<\/p>\n<div id=\"attachment_1206\" style=\"width: 610px\" class=\"wp-caption aligncenter\"><a href=\"http:\/\/www.erde-in-bildern.de\/reiseblog\/wp-content\/uploads\/2012\/11\/010848.jpg\" rel=\"lightbox[baltikum]\" title=\"Helsinki (Lauttasaari), Ostsee\"><img loading=\"lazy\" decoding=\"async\" aria-describedby=\"caption-attachment-1206\" src=\"http:\/\/www.erde-in-bildern.de\/reiseblog\/wp-content\/uploads\/2012\/11\/010848-600x380.jpg\" alt=\"Helsinki (Lauttasaari), Ostsee\" title=\"Helsinki (Lauttasaari), Ostsee\" width=\"600\" height=\"380\" class=\"size-medium wp-image-1206\" \/><\/a><p id=\"caption-attachment-1206\" class=\"wp-caption-text\">Helsinki (Lauttasaari), Ostsee<\/p><\/div>\n<p>Das Wetter \u00e4nderte sich bald. Es sollte ein wundersch\u00f6ner, sonniger Fr\u00fchling werden. Ich wohnte als Untermieter in einem Zimmer in Lauttasaari, einer Insel im S\u00fcdwesten Helsinkis. Die Helsinki University of Technology im Vorort Espoo (Otaniemi) war von dort aus gut zu erreichen, entweder per Fahrrad oder mit dem Bus.<\/p>\n<div id=\"attachment_1206\" style=\"width: 610px\" class=\"wp-caption aligncenter\"><a href=\"http:\/\/www.erde-in-bildern.de\/reiseblog\/wp-content\/uploads\/2012\/11\/010872.jpg\" rel=\"lightbox[baltikum]\" title=\"Helsinki: Zwischen Otaniemi und Lauttasaari\"><img loading=\"lazy\" decoding=\"async\" aria-describedby=\"caption-attachment-1206\" src=\"http:\/\/www.erde-in-bildern.de\/reiseblog\/wp-content\/uploads\/2012\/11\/010872-600x309.jpg\" alt=\"Helsinki: Zwischen Otaniemi und Lauttasaari\" title=\"Helsinki: Zwischen Otaniemi und Lauttasaari\" width=\"600\" height=\"309\" class=\"size-medium wp-image-1206\" \/><\/a><p id=\"caption-attachment-1206\" class=\"wp-caption-text\">Helsinki: Zwischen Otaniemi und Lauttasaari<\/p><\/div>\n<p>Die (teilweise verl\u00e4ngerten) Wochenenden nutzte ich zum Erkunden der Gegend. Wobei ich &#8222;Gegend&#8220; gro\u00dfz\u00fcgig auslegte. So ging es nicht nur durch den <a href=\"http:\/\/www.juergen-reichmann.de\/europa\/fin\/daunddort\/daunddort_010976.html\">S\u00fcden Finnlands<\/a>, sondern auch nach <a href=\"http:\/\/www.juergen-reichmann.de\/europa\/s\/stockholm\/stockholm_011211.html\">Stockholm<\/a>, auf die <a href=\"http:\/\/www.juergen-reichmann.de\/europa\/fin\/daunddort\/daunddort_011191.html\">\u00c5land-Inseln<\/a> und ins russische <a href=\"http:\/\/www.juergen-reichmann.de\/europa\/r\/petersburg\/petersburg_011053.html\">Sankt Petersburg<\/a>.<\/p>\n<p>Und nach <a href=\"http:\/\/www.juergen-reichmann.de\/europa\/est\/tallinn\/tallinn_010932.html\">Tallinn<\/a>, der Hauptstadt Estlands. Mein erster Besuch im Baltikum. Im Gegensatz zu den zuvor genannten Zielen konnte man Tallinn von Helsinki aus an einem Tag besuchen. Morgens mit der F\u00e4hre hin, abends zur\u00fcck.<\/p>\n<div id=\"attachment_1206\" style=\"width: 610px\" class=\"wp-caption aligncenter\"><a href=\"http:\/\/www.erde-in-bildern.de\/reiseblog\/wp-content\/uploads\/2012\/11\/010962.jpg\" rel=\"lightbox[baltikum]\" title=\"Rathaus Tallinn (1993)\"><img loading=\"lazy\" decoding=\"async\" aria-describedby=\"caption-attachment-1206\" src=\"http:\/\/www.erde-in-bildern.de\/reiseblog\/wp-content\/uploads\/2012\/11\/010962-600x396.jpg\" alt=\"Rathaus Tallinn (1993)\" title=\"Rathaus Tallinn (1993)\" width=\"600\" height=\"396\" class=\"size-medium wp-image-1206\" \/><\/a><p id=\"caption-attachment-1206\" class=\"wp-caption-text\">Rathaus Tallinn (1993)<\/p><\/div>\n<p>Estland war zu diesem Zeitpunkt noch nicht einmal zwei Jahre unabh\u00e4ngig von der Sowjetunion. Der Aufbruch in die neue Zeit war aber schon \u00fcberall sp\u00fcrbar. Die Restaurierungs- und Renovierungsarbeiten teilweise im Gange. Die Sch\u00f6nheit des Stadtzentrums schon erahnenswert.<\/p>\n<p>Wie sch\u00f6n Tallinn wirklich werden w\u00fcrde, habe ich erst 18 Jahre sp\u00e4ter gesehen. Im Sommer 2011.<\/p>\n<p><strong>Tallinn<\/strong><\/p>\n<p>Nicht mehr mit der F\u00e4hre aus Helsinki sondern mit dem Flugzeug aus M\u00fcnchen komme ich nach <a href=\"http:\/\/www.juergen-reichmann.de\/europa\/est\/tallinn1\/tallinn1_053262.html\">Tallinn<\/a>. Geldumtausch ist nicht notwendig, <a href=\"http:\/\/www.juergen-reichmann.de\/europa\/est\/\">Estland<\/a> hat seit Beginn des Jahres den Euro. Man h\u00f6rt, Estland sei dadurch teurer geworden. F\u00fcr deutsche Verh\u00e4ltnisse ist es aber immer noch recht g\u00fcnstig. Allerdings nicht so g\u00fcnstig wie Lettland und Litauen, wohin ich sp\u00e4ter noch auf dieser Reise kommen sollte.<\/p>\n<div id=\"attachment_1206\" style=\"width: 610px\" class=\"wp-caption aligncenter\"><a href=\"http:\/\/www.erde-in-bildern.de\/reiseblog\/wp-content\/uploads\/2012\/11\/1111527.jpg\" rel=\"lightbox[baltikum]\" title=\"Rathaus Tallinn (2011)\"><img loading=\"lazy\" decoding=\"async\" aria-describedby=\"caption-attachment-1206\" src=\"http:\/\/www.erde-in-bildern.de\/reiseblog\/wp-content\/uploads\/2012\/11\/1111527-600x428.jpg\" alt=\"Rathaus Tallinn (2011)\" title=\"Rathaus Tallinn (2011)\" width=\"600\" height=\"428\" class=\"size-medium wp-image-1206\" \/><\/a><p id=\"caption-attachment-1206\" class=\"wp-caption-text\">Rathaus Tallinn (2011)<\/p><\/div>\n<p>Die Altstadt ist zwischenzeitlich nahezu komplett wiederaufgebaut und strahlt in neuem (oder alten?) Glanz. Das wissen wohl auch die Veranstalter von Kreuzfahrten. In Massen str\u00f6men die Touristen durch die enge Altstadt, meist in Gruppen von vielleicht 30 Leuten, immer einem kleinen F\u00e4hnchen folgend.<\/p>\n<div id=\"map_tallinn\" class=\"wp-caption aligncenter\" style=\"width: 600px; height: 600px\">&nbsp;<\/div>\n<p>Abends &#8211; wenn die Kreuzfahrtouristen wieder auf ihren Schiffen sind &#8211; wird es angenehm ruhig. Die verbliebenen Touristen teilen sich mit den Einheimischen die Kneipen und Stra\u00dfencafes der Altstadt.<\/p>\n<div id=\"attachment_1206\" style=\"width: 610px\" class=\"wp-caption aligncenter\"><a href=\"http:\/\/www.erde-in-bildern.de\/reiseblog\/wp-content\/uploads\/2012\/11\/1111510.jpg\" rel=\"lightbox[baltikum]\" title=\"Tallinn\"><img loading=\"lazy\" decoding=\"async\" aria-describedby=\"caption-attachment-1206\" src=\"http:\/\/www.erde-in-bildern.de\/reiseblog\/wp-content\/uploads\/2012\/11\/1111510-600x303.jpg\" alt=\"Tallinn\" title=\"Tallinn\" width=\"600\" height=\"303\" class=\"size-medium wp-image-1206\" \/><\/a><p id=\"caption-attachment-1206\" class=\"wp-caption-text\">Tallinn<\/p><\/div>\n<p>Mit Helsinki mache ich es wie 18 Jahre fr\u00fcher mit Tallinn. Einen Tagesausflug mit der F\u00e4hre. Morgens hin, abends zur\u00fcck. Nur &#8211; in Helsinki sch\u00fcttet es, fast w\u00e4hrend der ganzen Zeit meines Aufenthaltes.<\/p>\n<p><strong>Riga<\/strong><\/p>\n<p>Auf dieser Reise wollte ich alle drei baltischen Staaten kennenlernen. In der guten Woche, die ich daf\u00fcr Zeit habe, geht das &#8211; das ist selbst mir klar&#8230; &#8211; nicht. Und was hei\u00dft schon baltische Staaten? Die drei L\u00e4nder haben viel weniger gemeinsam als gedacht. Das f\u00e4ngt schon bei der Sprache an. Zwei Zitate aus der deutschen Wikipedia sollen dazu gen\u00fcgen:<\/p>\n<blockquote><p>Estnisch ist eine flektierend-agglutinierende Sprache und geh\u00f6rt zum ostseefinnischen Zweig der Gruppe der finno-ugrischen Sprachen.<\/p>\n<p>Lettisch geh\u00f6rt zur \u00f6stlichen Gruppe der baltischen Sprachen innerhalb der indogermanischen Sprachfamilie. In seiner heutigen Struktur ist das Lettische j\u00fcnger als das verwandte und benachbarte Litauische.<\/p><\/blockquote>\n<p>Was da jetzt genau steht, wei\u00df ich &#8211; ganz ehrlich gesagt &#8211; auch nicht (&#8222;flektierend-agglutinierend&#8220;!), aber man sieht, es ist nicht gerade dasselbe.<\/p>\n<p>Die Unterschiede sind aber nicht nur sprachlicher Natur, auch die Menschen ver\u00e4ndern sich im Laufe der Reise vom im Norden gelegenen Estland ins weiter s\u00fcdlich gelegene Litauen. W\u00e4hrend die Menschen in Tallinn f\u00fcr mich einen sehr skandinavischen Eindruck machten, werden sie in Richtung S\u00fcden osteurop\u00e4isch gepr\u00e4gter.<\/p>\n<div id=\"attachment_1206\" style=\"width: 610px\" class=\"wp-caption aligncenter\"><a href=\"http:\/\/www.erde-in-bildern.de\/reiseblog\/wp-content\/uploads\/2012\/11\/053464.jpg\" rel=\"lightbox[baltikum]\" title=\"Bahnhof Riga\"><img loading=\"lazy\" decoding=\"async\" aria-describedby=\"caption-attachment-1206\" src=\"http:\/\/www.erde-in-bildern.de\/reiseblog\/wp-content\/uploads\/2012\/11\/053464-600x287.jpg\" alt=\"Bahnhof Riga\" title=\"Bahnhof Riga\" width=\"600\" height=\"287\" class=\"size-medium wp-image-1206\" \/><\/a><p id=\"caption-attachment-1206\" class=\"wp-caption-text\">Bahnhof Riga<\/p><\/div>\n<p>Wenn schon nicht die ganzen L\u00e4nder, so kann ich auf dieser Reise aber zumindest die drei Hauptst\u00e4dte besuchen. Und zwischendurch etwas vom Land sehen. Mit dem Bus geht die Reise von Tallinn nach Riga, der Hauptstadt <a href=\"http:\/\/www.juergen-reichmann.de\/europa\/lv\/\">Lettlands<\/a>.<\/p>\n<p>W\u00e4hrend die Altstadt Tallinns ein verh\u00e4ltnism\u00e4\u00dfig kleines Gebiet umfasst, sind die Wege in <a href=\"http:\/\/www.juergen-reichmann.de\/europa\/lv\/riga1_altstadt1\/riga1_altstadt1_053558.html\">Riga<\/a> etwas weiter. Das, was man sieht, ist abwechslungsreicher, insbesondere die zahlreichen <a href=\"http:\/\/www.juergen-reichmann.de\/europa\/lv\/riga3_jugendstil\/riga3_jugendstil_053481.html\">Jugenstilbauten<\/a> bieten eine willkommene Abwechslung im Stadtbild.<\/p>\n<div id=\"map_riga\" class=\"wp-caption aligncenter\" style=\"width: 600px; height: 600px\">&nbsp;<\/div>\n<p>Neben Riga steht ein Ausflug nach <a href=\"http:\/\/www.juergen-reichmann.de\/europa\/lv\/jurmala\/jurmala_053591.html\">J\u016brmala<\/a> an der lettischen Ostsee auf dem Programm. J\u016brmala hei\u00dft im Deutschen Rigastrand und beschreibt seine Rolle damit ganz gut.<\/p>\n<div id=\"attachment_1206\" style=\"width: 610px\" class=\"wp-caption aligncenter\"><a href=\"http:\/\/www.erde-in-bildern.de\/reiseblog\/wp-content\/uploads\/2012\/11\/1104754.jpg\" rel=\"lightbox[baltikum]\" title=\"Riga\"><img loading=\"lazy\" decoding=\"async\" aria-describedby=\"caption-attachment-1206\" src=\"http:\/\/www.erde-in-bildern.de\/reiseblog\/wp-content\/uploads\/2012\/11\/1104754-600x359.jpg\" alt=\"Riga\" title=\"Riga\" width=\"600\" height=\"359\" class=\"size-medium wp-image-1206\" \/><\/a><p id=\"caption-attachment-1206\" class=\"wp-caption-text\">Riga<\/p><\/div>\n<p><strong>Vilnius<\/strong><\/p>\n<p>Abermals mit dem Bus geht es weiter &#8211; von Riga ins litauische <a href=\"http:\/\/www.juergen-reichmann.de\/europa\/lt\/vilnius1_altstadt1\/vilnius1_altstadt1_053649.html\">Vilnius<\/a>. Auch auf dieser Busfahrt wird schnell klar, dass, wenn man das Gebiet der Hauptstadt verl\u00e4sst, oft nur viel Landschaft bleibt, sehr viel Landschaft.<\/p>\n<div id=\"attachment_1206\" style=\"width: 610px\" class=\"wp-caption aligncenter\"><a href=\"http:\/\/www.erde-in-bildern.de\/reiseblog\/wp-content\/uploads\/2012\/11\/1111631.jpg\" rel=\"lightbox[baltikum]\" title=\"Kathedrale Vilnius\"><img loading=\"lazy\" decoding=\"async\" aria-describedby=\"caption-attachment-1206\" src=\"http:\/\/www.erde-in-bildern.de\/reiseblog\/wp-content\/uploads\/2012\/11\/1111631-600x345.jpg\" alt=\"Kathedrale Vilnius\" title=\"Kathedrale Vilnius\" width=\"600\" height=\"345\" class=\"size-medium wp-image-1206\" \/><\/a><p id=\"caption-attachment-1206\" class=\"wp-caption-text\">Kathedrale Vilnius<\/p><\/div>\n<p>Sch\u00f6ne Aussichten auf Vilnius &#8211; aufgrund seiner \u00fcber 50 Kirchen auch Rom des Ostens genannt &#8211; hat man vom Berg der drei Kreuze und von der Oberen Burg.<\/p>\n<div id=\"map_vilnius\" class=\"wp-caption aligncenter\" style=\"width: 600px; height: 600px\">&nbsp;<\/div>\n<p><script type=\"text\/javascript\" src=\"http:\/\/maps.google.com\/maps\/api\/js?sensor=false\"><\/script><script type=\"text\/javascript\" src=\"http:\/\/www.erde-in-bildern.de\/scripts\/rb_baltikum.js\"><\/script><br \/>\n<script type=\"text\/javascript\">\/\/ <![CDATA[\n mapTallinn(); mapRiga(); mapVilnius();\n\/\/ ]]><\/script><\/p>\n<p>Das rund 30 Kilometer westlich von Vilnius gelegene <a href=\"http:\/\/www.juergen-reichmann.de\/europa\/lt\/trakai\/trakai_053769.html\">Trakai<\/a> liegt zwischen 200 Seen. Mit dem Bus geht es zur dortigen sp\u00e4tmittelalterlichen Wasserburg. Und nachmittags zur\u00fcck nach Vilnius. Ein Besuch des Stadtfestes &#8222;Hauptstadttage 2011&#8220; bildet den Abschluss des vorletzten Tages. <\/p>\n<div id=\"attachment_1206\" style=\"width: 610px\" class=\"wp-caption aligncenter\"><a href=\"http:\/\/www.erde-in-bildern.de\/reiseblog\/wp-content\/uploads\/2012\/11\/1111654.jpg\" rel=\"lightbox[baltikum]\" title=\"Vilnius\"><img loading=\"lazy\" decoding=\"async\" aria-describedby=\"caption-attachment-1206\" src=\"http:\/\/www.erde-in-bildern.de\/reiseblog\/wp-content\/uploads\/2012\/11\/1111654-600x450.jpg\" alt=\"Vilnius\" title=\"Vilnius\" width=\"600\" height=\"450\" class=\"size-medium wp-image-1206\" \/><\/a><p id=\"caption-attachment-1206\" class=\"wp-caption-text\">Vilnius<\/p><\/div>\n<p>Vilnius ist das Ende der &#8211; wenn auch (zu) kurzen &#8211; Reise durchs Baltikum. Mit einem Zwischenstopp in Frankfurt geht es mit dem Flugzeug zur\u00fcck nach M\u00fcnchen.<\/p>\n<p>Ein Vergleich der drei Hauptst\u00e4dte gestaltet sich schwierig. Neben manchen Gemeinsamkeiten setzt auch jede eigene Schwerpunkte. Beispielsweise in der Architektur &#8211; mittelalterliche Geb\u00e4ude in Tallinn, Jugendstil in Riga, Barock in Vilnius. Aber das wichtigste: Alle drei sind sehr sehenswert! Von &#8222;Ostblock&#8220; ist, zumindest in den Hauptst\u00e4dten, im Baltikum nicht mehr viel zu sp\u00fcren.<\/p>\n<p>Zur\u00fcck zum Anfang. Zum Jahr 1993.<\/p>\n<p>Der deutsche Arbeitsmarkt hatte sich &#8211; wie nicht anders erwartet &#8211; in den zwei Monaten meiner Abwesenheit nicht wesentlich ver\u00e4ndert. Wieder kam der Zufall zu Hilfe. Weil sich ein Techniker von meinem Max-Planck-Institut gerade von seiner Lebensgef\u00e4hrtin getrennt hatte, zog er in eine Wohngemeinschaft. Dort wohnte auch ein Doktorand, der nebenbei bei einem Hersteller f\u00fcr Windkraftanlagen arbeitete. \u00dcber diese Ecken bekam ich die Telefonnummer des Gesch\u00e4ftsf\u00fchrers dieses Windkraftanlagenherstellers&#8230;<\/p>\n<p>Manchmal kommt es eben ganz anders.<\/p>\n","protected":false},"excerpt":{"rendered":"<p>Manchmal kommt es ganz anders. So auch im Fr\u00fchjahr 1993. Ich hatte gerade mein Studium beendet. Am Stuttgarter Max-Planck-Institut f\u00fcr Metallforschung, an dem ich meine Diplomarbeit gemacht hatte, wollte ich nicht bleiben. Der Arbeitsmarkt &#8211; noch dazu f\u00fcr einen berufseinsteigenden Physiker wie mich &#8211; war aber auch ziemlich d\u00fcrftig (um es mal sehr zur\u00fcckhaltend auszudr\u00fccken). [&hellip;]<\/p>\n","protected":false},"author":2,"featured_media":0,"comment_status":"open","ping_status":"open","sticky":false,"template":"","format":"standard","meta":{"footnotes":""},"categories":[1],"tags":[436,106,107,476,438,440,104,407,439,167,364,437,477,441],"class_list":["post-1183","post","type-post","status-publish","format-standard","hentry","category-allgemein","tag-estland","tag-finnland","tag-helsinki","tag-jurmala","tag-lettland","tag-litauen","tag-ostsee","tag-physik","tag-riga","tag-studium","tag-stuttgart","tag-tallinn","tag-trakai","tag-vilnius"],"_links":{"self":[{"href":"https:\/\/www.erde-in-bildern.de\/reiseblog\/wp-json\/wp\/v2\/posts\/1183","targetHints":{"allow":["GET"]}}],"collection":[{"href":"https:\/\/www.erde-in-bildern.de\/reiseblog\/wp-json\/wp\/v2\/posts"}],"about":[{"href":"https:\/\/www.erde-in-bildern.de\/reiseblog\/wp-json\/wp\/v2\/types\/post"}],"author":[{"embeddable":true,"href":"https:\/\/www.erde-in-bildern.de\/reiseblog\/wp-json\/wp\/v2\/users\/2"}],"replies":[{"embeddable":true,"href":"https:\/\/www.erde-in-bildern.de\/reiseblog\/wp-json\/wp\/v2\/comments?post=1183"}],"version-history":[{"count":49,"href":"https:\/\/www.erde-in-bildern.de\/reiseblog\/wp-json\/wp\/v2\/posts\/1183\/revisions"}],"predecessor-version":[{"id":1835,"href":"https:\/\/www.erde-in-bildern.de\/reiseblog\/wp-json\/wp\/v2\/posts\/1183\/revisions\/1835"}],"wp:attachment":[{"href":"https:\/\/www.erde-in-bildern.de\/reiseblog\/wp-json\/wp\/v2\/media?parent=1183"}],"wp:term":[{"taxonomy":"category","embeddable":true,"href":"https:\/\/www.erde-in-bildern.de\/reiseblog\/wp-json\/wp\/v2\/categories?post=1183"},{"taxonomy":"post_tag","embeddable":true,"href":"https:\/\/www.erde-in-bildern.de\/reiseblog\/wp-json\/wp\/v2\/tags?post=1183"}],"curies":[{"name":"wp","href":"https:\/\/api.w.org\/{rel}","templated":true}]}}